{"id":141366,"date":"2025-11-06T06:45:45","date_gmt":"2025-11-06T06:45:45","guid":{"rendered":"https:\/\/www.europesays.com\/pt\/141366\/"},"modified":"2025-11-06T06:45:45","modified_gmt":"2025-11-06T06:45:45","slug":"emagrecer-apos-os-50-exige-cuidados-especiais","status":"publish","type":"post","link":"https:\/\/www.europesays.com\/pt\/141366\/","title":{"rendered":"emagrecer ap\u00f3s os 50 exige cuidados especiais"},"content":{"rendered":"<p><img decoding=\"async\" fetchpriority=\"high\" src=\"https:\/\/www.europesays.com\/pt\/wp-content\/uploads\/2025\/11\/a8oy52qo9wviq1bwfnmqj5cuo.jpg\" width=\"906\" height=\"509\" alt=\"Menopausa: emagrecer ap\u00f3s os 50 exige cuidados especiais\" title=\"Menopausa: emagrecer ap\u00f3s os 50 exige cuidados especiais\"\/>Reprodu\u00e7\u00e3o\/Divulga\u00e7\u00e3o<\/p>\n<p>Menopausa: emagrecer ap\u00f3s os 50 exige cuidados especiais<\/p>\n<p>A chegada da <strong>menopausa<\/strong> marca uma transforma\u00e7\u00e3o profunda no corpo feminino \u2014 e, entre ondas de calor e noites mal dormidas, surge um novo <strong>desafio: o de manter o peso sob controle<\/strong>. O metabolismo desacelera, a composi\u00e7\u00e3o corporal muda e a perda de massa muscular se intensifica, tornando o <strong>processo de emagrecimento mais lento e delicado<\/strong>.<\/p>\n<p>Ao <strong>iG Delas<\/strong>, os especialistas entrevistados explicaram que as transforma\u00e7\u00f5es hormonais da menopausa exigem uma abordagem integrada, que inclui <strong>alimenta\u00e7\u00e3o equilibrada, pr\u00e1tica regular de exerc\u00edcios e, em alguns casos, reposi\u00e7\u00e3o hormonal<\/strong>. Eles refor\u00e7aram que o emagrecimento nessa fase deve priorizar a preserva\u00e7\u00e3o da massa muscular e o bem-estar geral, evitando dietas restritivas que possam comprometer a sa\u00fade.<\/p>\n<p>Segundo a m\u00e9dica nutr\u00f3loga <strong>Marcella Garcez<\/strong>, diretora da Associa\u00e7\u00e3o Brasileira de Nutrologia, essa \u00e9 uma <strong>consequ\u00eancia direta da redu\u00e7\u00e3o hormonal<\/strong>.<\/p>\n<p>\u201cCom a queda do estrog\u00eanio e a diminui\u00e7\u00e3o natural da massa muscular, o metabolismo basal cai. Isso reduz o gasto cal\u00f3rico em repouso e aumenta a tend\u00eancia ao ac\u00famulo de gordura, especialmente na regi\u00e3o abdominal\u201d, explica.<\/p>\n<p>A ginecologista <strong>Ana Paula Fabricio\u00a0<\/strong>refor\u00e7a que muitas mulheres relatam ganho de peso \u201cinexplic\u00e1vel\u201d nessa fase.<\/p>\n<p>\u201cO corpo muda mesmo sem altera\u00e7\u00f5es expressivas na dieta. Isso leva \u00e0 frustra\u00e7\u00e3o e, em alguns casos, \u00e0 busca por dietas radicais \u2014 uma estrat\u00e9gia perigosa, j\u00e1 que provoca perda de massa magra e compromete a sa\u00fade no climat\u00e9rio\u201d , afirma.<\/p>\n<p>Quando emagrecer se torna arriscado<\/p>\n<p>A ginecologista <strong>Patricia Magier<\/strong> ressalta que a <strong>preserva\u00e7\u00e3o da massa muscular deve ser prioridade<\/strong>.<\/p>\n<p>\u201cDepois dos 40, a tend\u00eancia \u00e9 perder massa magra. Se a mulher adota dietas muito restritivas, perde peso r\u00e1pido, mas o que se perde \u00e9 m\u00fasculo, n\u00e3o gordura. Isso acelera a sarcopenia, enfraquece ossos e aumenta o risco de osteoporose\u201d, adverte.<\/p>\n<p>O ginecologista <strong>Igor Padovesi<\/strong> observa que o <strong>problema se agrava quando h\u00e1 sedentarismo<\/strong>.<\/p>\n<p>\u201cA redu\u00e7\u00e3o da for\u00e7a e da densidade \u00f3ssea impacta diretamente a qualidade de vida. A perda muscular tamb\u00e9m eleva o risco de doen\u00e7as cardiometab\u00f3licas, como hipertens\u00e3o, diabetes e obesidade\u201d, diz.<\/p>\n<p>A m\u00e9dica Patricia Magier complementa: \u201cSem m\u00fasculos, o corpo queima menos calorias, perde sustenta\u00e7\u00e3o e aumenta a probabilidade de quedas e dores articulares. E, como o estrog\u00eanio influencia na renova\u00e7\u00e3o \u00f3ssea, sua queda desregula a produ\u00e7\u00e3o e absor\u00e7\u00e3o do tecido \u00f3sseo, favorecendo a osteoporose\u201d.<\/p>\n<p>Horm\u00f4nios, sono e disposi\u00e7\u00e3o: um ciclo que se retroalimenta<\/p>\n<p>O cansa\u00e7o constante e a falta de energia para se exercitar s\u00e3o <a href=\"https:\/\/delas.ig.com.br\/2025-10-25\/e-culpa-da-menopausa--7-sintomas-comuns-no-periodo.html\" target=\"_blank\" rel=\"noopener nofollow\" data-mce-href=\"https:\/\/delas.ig.com.br\/2025-10-25\/e-culpa-da-menopausa--7-sintomas-comuns-no-periodo.html\" data-mce->sintomas frequentes<\/a>, alimentados por dist\u00farbios hormonais e inflamat\u00f3rios.<\/p>\n<p>\u201cNa menopausa, h\u00e1 aumento da inflama\u00e7\u00e3o e perda de col\u00e1geno, o que causa dores articulares e musculares\u201d, diz a ginecologista Ana Paula Fabricio.<\/p>\n<p>Al\u00e9m disso, as altera\u00e7\u00f5es hormonais interferem diretamente no humor. A endocrinologista <strong>Deborah Beranger<\/strong> explica que \u201ca queda do estrog\u00eanio afeta neurotransmissores ligados ao bem-estar, aumentando a irritabilidade, a ansiedade e o risco de depress\u00e3o\u201d.<\/p>\n<p>Reposi\u00e7\u00e3o hormonal e abordagem integrada<\/p>\n<p>Para controlar os efeitos da menopausa e melhorar a composi\u00e7\u00e3o corporal, o ginecologista Igor Padovesi defende a <strong>terapia de reposi\u00e7\u00e3o hormonal como aliada essencial<\/strong>.<\/p>\n<p>\u201cQuando bem indicada e monitorada, a reposi\u00e7\u00e3o com horm\u00f4nios bioid\u00eanticos pode facilitar o ganho de massa magra e melhorar o bem-estar geral\u201d, afirma.<\/p>\n<p>A endocrinologista Deborah Beranger refor\u00e7a que o tratamento deve ser individualizado.<\/p>\n<p>\u201cA escolha dos horm\u00f4nios, a dose e o tempo de uso variam conforme as queixas e necessidades de cada paciente.\u201d<\/p>\n<p>A\u00a0ginecologista Patricia Magier adota uma estrat\u00e9gia multidisciplinar: avalia\u00e7\u00e3o hormonal personalizada, reposi\u00e7\u00e3o de estrog\u00eanio, progesterona e testosterona, al\u00e9m de implantes metab\u00f3licos e acompanhamento nutricional.<\/p>\n<p>\u201cO foco \u00e9 equilibrar o metabolismo e promover emagrecimento saud\u00e1vel, com prote\u00ednas de alto valor biol\u00f3gico, suplementa\u00e7\u00e3o espec\u00edfica e exerc\u00edcios resistidos, como muscula\u00e7\u00e3o\u201d, detalha.<\/p>\n<p>Alimenta\u00e7\u00e3o e movimento como pilares<\/p>\n<p>A m\u00e9dica nutr\u00f3loga Marcella Garcez destaca que o <strong>consumo adequado de prote\u00ednas \u00e9 fundamental<\/strong>.<\/p>\n<p>\u201cCarnes magras, peixes, ovos, latic\u00ednios e leguminosas devem estar presentes em todas as refei\u00e7\u00f5es para preservar a s\u00edntese muscular\u201d, explica.<\/p>\n<p>Ela recomenda ainda o <strong>consumo de carboidratos complexos, frutas, vegetais e alimentos antioxidantes<\/strong>, al\u00e9m de hidrata\u00e7\u00e3o constante.<\/p>\n<p>A endocrinologista Deborah Beranger acrescenta que o <strong>exerc\u00edcio f\u00edsico regular, ao menos tr\u00eas vezes por semana<\/strong>, ajuda n\u00e3o s\u00f3 na manuten\u00e7\u00e3o do peso, mas tamb\u00e9m no controle dos fogachos.<\/p>\n","protected":false},"excerpt":{"rendered":"Reprodu\u00e7\u00e3o\/Divulga\u00e7\u00e3o Menopausa: emagrecer ap\u00f3s os 50 exige cuidados especiais A chegada da menopausa marca uma transforma\u00e7\u00e3o profunda no&hellip;\n","protected":false},"author":2,"featured_media":141367,"comment_status":"","ping_status":"","sticky":false,"template":"","format":"standard","meta":{"footnotes":""},"categories":[86],"tags":[23320,116,32,33,27613,117,5618],"class_list":{"0":"post-141366","1":"post","2":"type-post","3":"status-publish","4":"format-standard","5":"has-post-thumbnail","7":"category-saude","8":"tag-envelhecimento-saudavel","9":"tag-health","10":"tag-portugal","11":"tag-pt","12":"tag-reposicao-hormonal","13":"tag-saude","14":"tag-saude-da-mulher"},"share_on_mastodon":{"url":"https:\/\/pubeurope.com\/@pt\/115501408259461513","error":""},"_links":{"self":[{"href":"https:\/\/www.europesays.com\/pt\/wp-json\/wp\/v2\/posts\/141366","targetHints":{"allow":["GET"]}}],"collection":[{"href":"https:\/\/www.europesays.com\/pt\/wp-json\/wp\/v2\/posts"}],"about":[{"href":"https:\/\/www.europesays.com\/pt\/wp-json\/wp\/v2\/types\/post"}],"author":[{"embeddable":true,"href":"https:\/\/www.europesays.com\/pt\/wp-json\/wp\/v2\/users\/2"}],"replies":[{"embeddable":true,"href":"https:\/\/www.europesays.com\/pt\/wp-json\/wp\/v2\/comments?post=141366"}],"version-history":[{"count":0,"href":"https:\/\/www.europesays.com\/pt\/wp-json\/wp\/v2\/posts\/141366\/revisions"}],"wp:featuredmedia":[{"embeddable":true,"href":"https:\/\/www.europesays.com\/pt\/wp-json\/wp\/v2\/media\/141367"}],"wp:attachment":[{"href":"https:\/\/www.europesays.com\/pt\/wp-json\/wp\/v2\/media?parent=141366"}],"wp:term":[{"taxonomy":"category","embeddable":true,"href":"https:\/\/www.europesays.com\/pt\/wp-json\/wp\/v2\/categories?post=141366"},{"taxonomy":"post_tag","embeddable":true,"href":"https:\/\/www.europesays.com\/pt\/wp-json\/wp\/v2\/tags?post=141366"}],"curies":[{"name":"wp","href":"https:\/\/api.w.org\/{rel}","templated":true}]}}