{"id":141386,"date":"2025-11-06T07:33:47","date_gmt":"2025-11-06T07:33:47","guid":{"rendered":"https:\/\/www.europesays.com\/pt\/141386\/"},"modified":"2025-11-06T07:33:47","modified_gmt":"2025-11-06T07:33:47","slug":"cristiano-ronaldo-mudei-de-aviao-ha-um-ano-para-um-melhor","status":"publish","type":"post","link":"https:\/\/www.europesays.com\/pt\/141386\/","title":{"rendered":"Cristiano Ronaldo: &#8220;Mudei de avi\u00e3o h\u00e1 um ano para um melhor&#8221;"},"content":{"rendered":"<p data-remotead-prev-elm=\"true\" data-remotead-elm-id=\"inread\">Cristiano Ronaldo concedeu uma entrevista ao jornalista brit\u00e2nico Piers Morgan na qual falou sobre alguns temas da vida. A dado momento, o internacional portugu\u00eas falou sobre a situa\u00e7\u00e3o atual do Manchester United, clube no qual deu nas vistas para o mundo do futebol e venceu a primeira Bola de Ouro, referindo estar triste &#8220;por um dos clubes mais importantes do mundo&#8221; e que tem &#8220;no cora\u00e7\u00e3o&#8221;.<\/p>\n<p>&#8220;Tens de seguir com as pessoas inteligentes para criar uma base para o futuro como tiveram h\u00e1 anos atr\u00e1s. Nicky Butts, Garys, Roy Keanes, Beckhams&#8230; Eles tornaram-se grande jogadores, mas eles tinham a juventude. O Manchester United atualmente n\u00e3o tem estrutura. Espero que mude no futuro, porque o potencial do clube \u00e9 imenso. \u00c9 um dos mais importantes do s\u00e9culo&#8221;, come\u00e7ou por dizer, antes de revelar que os resultados causam alguma dor.<\/p>\n<p>Ruben Amorim: &#8220;Milagres s\u00f3 em F\u00e1tima&#8221;<\/p>\n<p>&#8220;Eu joguei l\u00e1 muito anos, ganhei a Champions League, a Bola de Ouro. Como disse, e repito, o Manchester est\u00e1 no meu cora\u00e7\u00e3o, mas temos todos de ser honestos e dizer que n\u00e3o est\u00e3o no bom caminho. Eles t\u00eam de mudar e n\u00e3o \u00e9 s\u00f3 sobre o treinador e os jogadores&#8221;, referiu.<\/p>\n<p data-remotead-prev-elm=\"true\" data-remotead-elm-id=\"centro1\">O capit\u00e3o da sele\u00e7\u00e3o portugu\u00eas olhou, ainda, para o trabalho realizado por Ruben Amorim. &#8220;Est\u00e1 a fazer o seu melhor. O que vai fazer? Milagres? Milagres \u00e9 imposs\u00edvel. Em Portugal dizemos que milagres s\u00f3 em F\u00e1tima. Mesmo os jogadores, s\u00e3o bons, mas alguns deles a mentalidade n\u00e3o \u00e9 a do Manchester United&#8221;, atirou.<\/p>\n<p>&#8220;N\u00e3o sou obcecado pelo dinheiro&#8221;<\/p>\n<p>O internacional portugu\u00eas falou ainda do facto de ser bilion\u00e1rio e comparou a conquista a um pr\u00e9mio bem especial no mundo do futebol.<\/p>\n<p>&#8220;Eu sabia que isso ia acontecer. Estava preparado. Era uma quest\u00e3o de tempo. Honestamente fiquei muito feliz. \u00c9 como ganhar uma Bola de Ouro. Era o meu objetivo. Todos t\u00eam os seus objetivos e um dos objetivos era atingir esse n\u00famero. N\u00e3o vou dizer que sou obcecado pelo dinheiro, porque pode ajudar, mas quando chegas a um certo n\u00edvel, o dinheiro j\u00e1 n\u00e3o importa. Mas gostamos sempre de ter mais. Finan\u00e7as s\u00e3o importantes, mas outras coisas tamb\u00e9m. \u00c0 parte do futebol, era um objetivo. Estou muito orgulhoso&#8221;, disse.<\/p>\n<blockquote class=\"ngx-blockquote\">\n<p>&#8220;N\u00e3o sou uma pessoa normal, n\u00e3o posso estar num aeroporto&#8221;<\/p>\n<\/blockquote>\n<p data-remotead-prev-elm=\"true\" data-remotead-elm-id=\"centro2\">Quando questionado sobre a coisa mais cara que j\u00e1 comprou, o goleador pensou um pouco, mas acabou por dar uma resposta bem direta. &#8220;O avi\u00e3o. Tenho avi\u00e3o desde os 30 anos, mas mudei h\u00e1 um ano para um melhor. Tenho um Global Express. O dinheiro d\u00e1-te oportunidade para ter coisas materiais. Mas estou num momento da minha vida em que n\u00e3o quero saber mais disso. Eu quero viver o pr\u00f3ximo cap\u00edtulo da minha vida sem custos. Eu compro porque necessito. N\u00e3o sou uma pessoa normal, n\u00e3o posso estar num aeroporto. Compro por causa disso e tamb\u00e9m por conforto. Mas n\u00e3o olho mais para isso, agora quero desfrutar da vida&#8221;, afirmou, antes de falar um pouco de si e da vida que leva.<\/p>\n<p>&#8220;Compro carros para cole\u00e7\u00e3o&#8221;<\/p>\n<p>&#8220;\u00c9 dif\u00edcil falar sobre ti. Mas eu n\u00e3o quero saber do que as pessoas dizem sobre mim, se sou arrogante. N\u00e3o quero saber. Tenho 41 anos [faz a 5 de fevereiro], cinco filhos, os melhores amigos do mundo e uma equipa que me ajuda muito. A opini\u00e3o p\u00fablica j\u00e1 n\u00e3o me interessa. Vou treinar feliz e penso que sou uma pessoa normal. Compro carros mas \u00e9 para cole\u00e7\u00e3o. Vejo como um investimento. Eu nunca conduzo. Para mim os carros n\u00e3o s\u00e3o mais uma paix\u00e3o. Eu n\u00e3o conduzo muito na Ar\u00e1bia&#8221;.<\/p>\n","protected":false},"excerpt":{"rendered":"Cristiano Ronaldo concedeu uma entrevista ao jornalista brit\u00e2nico Piers Morgan na qual falou sobre alguns temas da vida.&hellip;\n","protected":false},"author":2,"featured_media":141387,"comment_status":"","ping_status":"","sticky":false,"template":"","format":"standard","meta":{"footnotes":""},"categories":[8],"tags":[27,28,667,135,15,16,14,25,26,21,22,12,13,19,20,32,23,24,33,17,18,29,30,31],"class_list":{"0":"post-141386","1":"post","2":"type-post","3":"status-publish","4":"format-standard","5":"has-post-thumbnail","7":"category-principais-noticias","8":"tag-breaking-news","9":"tag-breakingnews","10":"tag-cristiano-ronaldo","11":"tag-desporto","12":"tag-featured-news","13":"tag-featurednews","14":"tag-headlines","15":"tag-latest-news","16":"tag-latestnews","17":"tag-main-news","18":"tag-mainnews","19":"tag-news","20":"tag-noticias","21":"tag-noticias-principais","22":"tag-noticiasprincipais","23":"tag-portugal","24":"tag-principais-noticias","25":"tag-principaisnoticias","26":"tag-pt","27":"tag-top-stories","28":"tag-topstories","29":"tag-ultimas","30":"tag-ultimas-noticias","31":"tag-ultimasnoticias"},"share_on_mastodon":{"url":"https:\/\/pubeurope.com\/@pt\/115501600806256714","error":""},"_links":{"self":[{"href":"https:\/\/www.europesays.com\/pt\/wp-json\/wp\/v2\/posts\/141386","targetHints":{"allow":["GET"]}}],"collection":[{"href":"https:\/\/www.europesays.com\/pt\/wp-json\/wp\/v2\/posts"}],"about":[{"href":"https:\/\/www.europesays.com\/pt\/wp-json\/wp\/v2\/types\/post"}],"author":[{"embeddable":true,"href":"https:\/\/www.europesays.com\/pt\/wp-json\/wp\/v2\/users\/2"}],"replies":[{"embeddable":true,"href":"https:\/\/www.europesays.com\/pt\/wp-json\/wp\/v2\/comments?post=141386"}],"version-history":[{"count":0,"href":"https:\/\/www.europesays.com\/pt\/wp-json\/wp\/v2\/posts\/141386\/revisions"}],"wp:featuredmedia":[{"embeddable":true,"href":"https:\/\/www.europesays.com\/pt\/wp-json\/wp\/v2\/media\/141387"}],"wp:attachment":[{"href":"https:\/\/www.europesays.com\/pt\/wp-json\/wp\/v2\/media?parent=141386"}],"wp:term":[{"taxonomy":"category","embeddable":true,"href":"https:\/\/www.europesays.com\/pt\/wp-json\/wp\/v2\/categories?post=141386"},{"taxonomy":"post_tag","embeddable":true,"href":"https:\/\/www.europesays.com\/pt\/wp-json\/wp\/v2\/tags?post=141386"}],"curies":[{"name":"wp","href":"https:\/\/api.w.org\/{rel}","templated":true}]}}