{"id":141396,"date":"2025-11-06T07:47:12","date_gmt":"2025-11-06T07:47:12","guid":{"rendered":"https:\/\/www.europesays.com\/pt\/141396\/"},"modified":"2025-11-06T07:47:12","modified_gmt":"2025-11-06T07:47:12","slug":"homem-marca-encontro-com-vizinho-e-mata-o-a-tiro-por-ciumes-jornal-de-noticias","status":"publish","type":"post","link":"https:\/\/www.europesays.com\/pt\/141396\/","title":{"rendered":"Homem marca encontro com vizinho e mata-o a tiro por ci\u00fames &#8211; Jornal de Not\u00edcias"},"content":{"rendered":"<ol>\n<li><a href=\"https:\/\/news.google.com\/rss\/articles\/CBMiowFBVV95cUxQWktwMTdMbWZnc1Q4Vk5vRXNXQU82XzlpWUNDSjVVa0RnM3FjVXE3bkRReGtsakMwT3FjcW10bWNUd1dHV1lJbnJqNmpPSHZkeDM3Y2dHbThDbXdadmh4THZITy1yc0NvY1cyRk42Nk1UM2N0bG80Y1AzcGozcW81bmI0cURETElqTDRYT0ZBSG5VUm1WT05lbDZ6Y2JNTmlKNlhn?oc=5\" target=\"_blank\" rel=\"nofollow noopener\">Homem marca encontro com vizinho e mata-o a tiro por ci\u00fames<\/a>&nbsp;&nbsp;Jornal de Not\u00edcias<\/li>\n<li><a href=\"https:\/\/news.google.com\/rss\/articles\/CBMingFBVV95cUxQLWRnY0F2dHJmOTFmRmdjNi1aYkJ5M1RwNU04bng0VHFkeXZCWFhTaEdNR2phM1FoV1U2eURyUW5LcU9nN0pVY2J0R3NxY2dUMVZiZWtRNV81ODlEZFVWWWI5VDItMG12ZXEyWVlXaFl2T0p4cnVPSXk2SDViQkM1cE9Xd0ZtM3ozZVhENmN5QnZuSGU0aG53aWVMS0swUQ?oc=5\" target=\"_blank\" rel=\"nofollow noopener\">PJ investiga homic\u00eddio com arma de fogo no concelho de Alcoba\u00e7a<\/a>&nbsp;&nbsp;Observador<\/li>\n<li><a href=\"https:\/\/news.google.com\/rss\/articles\/CBMi1AFBVV95cUxPNXZpZlNrVk54Mlpfa1huYTQwa0hWbE5kWTlPY3ZfMWlVVTB6QkpYcGR4RV9PemNMR3VSNF9aVTh3eDA4X1JxOW5IeFRLSG56YS1JZE85dmgzZjdSbnlIWDFfa0QzUmRKRjlyVXRyM3pEeUJXeTZWSXNUTnMzZE9ja1l0Yl9qR05kRzdRQTI3OEFfSTF1TVo3U1BuSlg4X2tZdVJQaUVlNUF0MlZneUd1T3hHWE1qYjRhenJmNkxTWlY2Y1ktOFZpSGk3QUVKdE91Wl9uQtIB2gFBVV95cUxPXzBTWnZSQ29tRHdXNzFBbWUzQXgwc2d1N01TdV9Bc19mYzJxbURRQXoxQWZCbFlpbUxlMDZwNnU0YXFQbUtlTUNTQnItT1lseWhZb0xNbnZuVjNrc2d5SDVrSk9fVjZPTzlUN3FtMVExbnFETlZ0cXBFcTV1TzFWb3dVSi1Jak1NZ3NVWnEzOERwY2lGSGxyUWJZdy1oakRqVDk3RkJrblEyc1F2ZkI3alJSa0xqSFlISmpETjlJOVdiN2N3d1BRLVBYSkpqQTFkQU5aMFNIeVd4QQ?oc=5\" target=\"_blank\" rel=\"nofollow noopener\">Homem mata vizinho em Alcoba\u00e7a e entrega-se \u00e0 GNR<\/a>&nbsp;&nbsp;CNN Portugal<\/li>\n<li><a href=\"https:\/\/news.google.com\/rss\/articles\/CBMiwwFBVV95cUxPc2NWblAybHZfMU5lalVyT0FNdUtVWWZGS1U1SjJadEtrZk9oWUc4SDJrdWlZQVhxMGhmQzFsX1QxUnBXNEhuQnNoVVpmdi13V0kyajVWVEtDTzNHNVR0bHZHU2FMN283Yk9JRFBiX0QzU080ZTRHOVhkVWVtVUkzYkhLYUdVcHJRSHdWMUQ3OThJMmtOdjd5cEc4d3psd2thRDYzUWR4NS1YRVU4ME9fdW96X2RoclFOWDQ4X3JVa0NtLU0?oc=5\" target=\"_blank\" rel=\"nofollow noopener\">Empres\u00e1rio da constru\u00e7\u00e3o civil assassinado a tiro em Alcoba\u00e7a por motivos passionais<\/a>&nbsp;&nbsp;Correio da Manh\u00e3<\/li>\n<li><a href=\"https:\/\/news.google.com\/rss\/articles\/CBMimAFBVV95cUxOQnFHZ3BnWTZlZEVYQ2l4cVVUaWRIME5mVFY0ZkZpaUdNV3dDbk5Nb0hoNnhOS0ZROTExcnY2OFF1N2lGMzJROVl3SG5ueC1CeC1SWVVwZlJ4Ti1oLTBZeTVQWDNfRHpidVRTVUp1Vm1USzg3eDZUd0hJNjVDcWxxX0tUTGFyTmdvaVdBNGpEWlBELWlrYXJnXw?oc=5\" target=\"_blank\" rel=\"nofollow noopener\">Homic\u00eddio em Alcoba\u00e7a: Matou vizinho e entregou-se \u00e0 GNR<\/a>&nbsp;&nbsp;Jornal de Leiria<\/li>\n<\/ol>\n","protected":false},"excerpt":{"rendered":"Homem marca encontro com vizinho e mata-o a tiro por ci\u00fames&nbsp;&nbsp;Jornal de Not\u00edcias PJ investiga homic\u00eddio com arma&hellip;\n","protected":false},"author":2,"featured_media":141397,"comment_status":"","ping_status":"","sticky":false,"template":"","format":"standard","meta":{"footnotes":""},"categories":[10],"tags":[27,28,15,16,14,5564,603,25,26,21,22,12,13,19,20,4107,32,23,24,33,17,18,29,30,31],"class_list":{"0":"post-141396","1":"post","2":"type-post","3":"status-publish","4":"format-standard","5":"has-post-thumbnail","7":"category-portugal","8":"tag-breaking-news","9":"tag-breakingnews","10":"tag-featured-news","11":"tag-featurednews","12":"tag-headlines","13":"tag-homicidio","14":"tag-justica","15":"tag-latest-news","16":"tag-latestnews","17":"tag-main-news","18":"tag-mainnews","19":"tag-news","20":"tag-noticias","21":"tag-noticias-principais","22":"tag-noticiasprincipais","23":"tag-pj","24":"tag-portugal","25":"tag-principais-noticias","26":"tag-principaisnoticias","27":"tag-pt","28":"tag-top-stories","29":"tag-topstories","30":"tag-ultimas","31":"tag-ultimas-noticias","32":"tag-ultimasnoticias"},"share_on_mastodon":{"url":"https:\/\/pubeurope.com\/@pt\/115501651944437177","error":""},"_links":{"self":[{"href":"https:\/\/www.europesays.com\/pt\/wp-json\/wp\/v2\/posts\/141396","targetHints":{"allow":["GET"]}}],"collection":[{"href":"https:\/\/www.europesays.com\/pt\/wp-json\/wp\/v2\/posts"}],"about":[{"href":"https:\/\/www.europesays.com\/pt\/wp-json\/wp\/v2\/types\/post"}],"author":[{"embeddable":true,"href":"https:\/\/www.europesays.com\/pt\/wp-json\/wp\/v2\/users\/2"}],"replies":[{"embeddable":true,"href":"https:\/\/www.europesays.com\/pt\/wp-json\/wp\/v2\/comments?post=141396"}],"version-history":[{"count":0,"href":"https:\/\/www.europesays.com\/pt\/wp-json\/wp\/v2\/posts\/141396\/revisions"}],"wp:featuredmedia":[{"embeddable":true,"href":"https:\/\/www.europesays.com\/pt\/wp-json\/wp\/v2\/media\/141397"}],"wp:attachment":[{"href":"https:\/\/www.europesays.com\/pt\/wp-json\/wp\/v2\/media?parent=141396"}],"wp:term":[{"taxonomy":"category","embeddable":true,"href":"https:\/\/www.europesays.com\/pt\/wp-json\/wp\/v2\/categories?post=141396"},{"taxonomy":"post_tag","embeddable":true,"href":"https:\/\/www.europesays.com\/pt\/wp-json\/wp\/v2\/tags?post=141396"}],"curies":[{"name":"wp","href":"https:\/\/api.w.org\/{rel}","templated":true}]}}