{"id":141403,"date":"2025-11-06T07:58:17","date_gmt":"2025-11-06T07:58:17","guid":{"rendered":"https:\/\/www.europesays.com\/pt\/141403\/"},"modified":"2025-11-06T07:58:17","modified_gmt":"2025-11-06T07:58:17","slug":"rama-duwaji-a-ilustradora-e-ativista-pelos-direitos-das-mulheres-que-e-primeira-dama-de-nova-iorque","status":"publish","type":"post","link":"https:\/\/www.europesays.com\/pt\/141403\/","title":{"rendered":"Rama Duwaji: a ilustradora e ativista pelos direitos das mulheres que \u00e9 primeira-dama de Nova Iorque"},"content":{"rendered":"<p data-remotead-prev-elm=\"true\" data-remotead-elm-id=\"inread\">Conheceram-se numa aplica\u00e7\u00e3o de encontros, em 2021, casaram-se em fevereiro \u00faltimo e a vida familiar de Rama Duwaji e do rec\u00e9m-eleito mayor de Nova Iorque, Zohran Mamdani, segue, desde esta ter\u00e7a-feira, 4 de novembro, para novos palcos. &#8220;Conheci a minha mulher no Hinge, ent\u00e3o, ainda h\u00e1 esperan\u00e7a para as apps de romance&#8221;, revelou o pol\u00edtico em junho durante o podcast The Bulwark.<\/p>\n<p>Apesar de ter sempre adotado uma posi\u00e7\u00e3o discreta no que \u00e0 carreira do marido diz respeito, Rama Duwaji &#8211; que sempre usou as suas redes para mostrar imagens suas e do seu trabalho &#8211; acabou por subir ao palco em noite de vit\u00f3ria do companheiro.<\/p>\n<p><img decoding=\"async\" class=\"ngx-body\" guid=\"ceeb8b09-6a6b-4ce6-8fb2-c3bee6d1db15\" src=\"https:\/\/www.europesays.com\/pt\/wp-content\/uploads\/2025\/11\/1762415896_872_image.jpg\" width=\"100%\"\/>Novo &#8220;mayor&#8221; da cidade de Nova Iorque, Zohran Mamdani, com a mulher Rama Duwaji, na noite da vit\u00f3ria (Foto: Michael M. Santiago\/Getty Images\/AFP)<\/p>\n<p data-remotead-prev-elm=\"true\" data-remotead-elm-id=\"centro1\">Ilustradora, designer e ceramista, torna-se agora, aos 28 anos, na primeira-dama de uma das mais importantes e poderosas cidades dos Estados Unidos da Am\u00e9rica: Nova Iorque. &#8220;N\u00e3o h\u00e1 mais ningu\u00e9m que eu preferiria ter ao meu lado agora, em todos os momentos&#8221;, afirmou Zohran, de 34 anos, em noite de sagra\u00e7\u00e3o, referindo-se \u00e0 sua &#8220;incr\u00edvel noiva, Rama, hayati&#8221;, fazendo uso da palavra \u00e1rabe que significa &#8220;a minha vida&#8221;.<\/p>\n<p>&#8220;Rama n\u00e3o \u00e9 apenas a minha mulher, \u00e9 uma artista incr\u00edvel que merece ser conhecida por quem ela \u00e9. Podem criticar as minhas opini\u00f5es, mas n\u00e3o a minha fam\u00edlia&#8221;, escreveu Mamdani, em maio, nas redes sociais, depois de ter sido acusado pelos conservadores de estar a esconder a fam\u00edlia durante a campanha para a presid\u00eancia da cidade de Nova Iorque.<\/p>\n<p>Entre os EUA e o M\u00e9dio Oriente<\/p>\n<p>Rama Duwaji nasceu a 30 de junho de 1997, em Houston, Texas, filha de pais s\u00edrios, e mudou-se com a fam\u00edlia para o Dubai, quando era, ainda, uma menina de nove anos, como conta a esta\u00e7\u00e3o norte-americana CNN. A forma\u00e7\u00e3o de Rama come\u00e7ou a ser feita no Qatar, mas prosseguiu depois os estudos no regresso que fez aos EUA, tendo integrado, at\u00e9 2021, o Virginia Commonwealth University School of Arts, e conclu\u00eddo especializa\u00e7\u00e3o em ilustra\u00e7\u00e3o na Escola de Artes Visuais, em Nova Iorque, em 2024.<\/p>\n<p data-remotead-prev-elm=\"true\" data-remotead-elm-id=\"centro2\">Uma carreira que Rama Duwaji tem cumprido a trabalhar temas como as mulheres do M\u00e9dio Oriente e, mais recentemente, com posi\u00e7\u00e3o pr\u00f3-palestiniana. A ilustradora conta, no curr\u00edculo, com colabora\u00e7\u00f5es com as prestigiadas publica\u00e7\u00f5es The New Yorker, Vice, The Washington Post ou Vogue, tendo j\u00e1 exposto no Tate Modern.<\/p>\n<p>&#8220;Atrav\u00e9s de retratos desenhados e movimentos, Rama explora as nuances da irmandade e das experi\u00eancias comunit\u00e1rias&#8221;, l\u00ea-se no<a href=\"https:\/\/www.ramaduwaji.com\/\" target=\"_blank\" rel=\"nofollow noopener\"> site de artista, ilustradora e ceramista<\/a>. A obra explora temas da cultura \u00e1rabe, a justi\u00e7a social e os direitos das mulheres e tem evocado, mais recentemente, as den\u00fancias sobre o genoc\u00eddio em Gaza.<\/p>\n<p>Em entrevista ao site <a href=\"https:\/\/thisisyungmea.com\/rama-duwaji-art-activism-and-the-spaces-in-between\/\" target=\"_blank\" rel=\"nofollow noopener\">Yung<\/a>, em abril \u00faltimo, Rama afirmou que a sua arte &#8220;\u00e9 um reflexo do que est\u00e1 a acontecer \u00e0 volta&#8221;. &#8220;Neste momento, ainda mais \u00fatil do que o meu papel como artista \u00e9 o meu papel como cidad\u00e3 americana. Com tantas pessoas expulsas e silenciadas pelo medo, tudo o que posso fazer \u00e9 usar a minha voz para falar o m\u00e1ximo que puder sobre o que est\u00e1 a acontecer nos Estados Unidos, na Palestina e na S\u00edria&#8221;, declarou na conversa em que citou a cantora Nina Simone: &#8220;O dever de um artista, no que me diz respeito, \u00e9 refletir os tempos.&#8221;<\/p>\n<p data-remotead-prev-elm=\"true\" data-remotead-elm-id=\"centro3\">&#8220;Acredito que todos t\u00eam a responsabilidade de se manifestarem contra a injusti\u00e7a, e a arte tem a capacidade de a divulgar. N\u00e3o creio que todos tenham de fazer um trabalho pol\u00edtico, mas a arte \u00e9 inerentemente pol\u00edtica na forma como \u00e9 feita, financiada e partilhada. Para mi, at\u00e9 mesmo criar arte como ref\u00fagio dos horrores que vemos \u00e9 pol\u00edtica. \u00c9 uma rea\u00e7\u00e3o ao mundo que nos rodeia&#8221;, acrescentou Rama Duwaji.<\/p>\n<p>A vit\u00f3ria de Zohran Mamdani<\/p>\n<p>Aos 34 anos, Zohran Mandani fez hist\u00f3ria ao ter sido eleito &#8216;mayor&#8217; de Nova Iorque pelo Partido Democrata. Uma conquista que coloca, pela primeira vez, um mu\u00e7ulmano e progressista \u00e0 frente dos destinos da capital financeira dos EUA. Com um arranque de carreira impar\u00e1vel, o deputado da Assembleia estadual de Nova Iorque praticamente desconhecido h\u00e1 um ano ascendeu e derrotou Andrew Cuomo, um veterano pol\u00edtico que contava com o apoio de nomes poderosos do mundo da pol\u00edtica e das finan\u00e7as, como o ex-presidente Bill Clinton ou o empres\u00e1rio e ex-autarca de Nova Iorque Michael Bloomberg.<\/p>\n<p>Filho de indianos &#8211; a m\u00e3e \u00e9 a cineasta Mira Nair, conhecida por filmes como &#8220;Casamento \u00e0 Indiana&#8221; -, o rec\u00e9m-eleito nasceu no Uganda e passou parte da inf\u00e2ncia na \u00c1frica do Sul.<\/p>\n<p data-remotead-prev-elm=\"true\" data-remotead-elm-id=\"centro4\"><img decoding=\"async\" class=\"ngx-body\" guid=\"a3e70d68-7861-4310-9112-76a9c6ffcb78\" src=\"https:\/\/www.europesays.com\/pt\/wp-content\/uploads\/2025\/11\/1762415897_223_image.jpg\" width=\"100%\"\/>Vencedor Zohran Mamdani (segundo \u00e0 direita) com a mulher Rama Duwaji (segunda \u00e0 esquerda) e com os pais: o professor Mahmood Mamdani (\u00e0 esquerda) e a cineasta Mira Nair (\u00e0 direita) (Foto: Spencer Platt\/Getty Images\/AFP)<\/p>\n<p>Aos sete anos, mudou-se com a fam\u00edlia para Nova Iorque, fez o ensino secund\u00e1rio na conceituada Escola de Ci\u00eancias do Bronx, uma institui\u00e7\u00e3o de ensino p\u00fablica de Nova Iorque e, posteriormente, estudou Estudos Africanos no Bowdoin College, no estado do Maine. Aqui, fundou uma filial dos &#8220;Estudantes pela Justi\u00e7a na Palestina&#8221;, um compromisso com a causa palestiniana que se tornou mais evidente durante a recente guerra na Faixa de Gaza.<\/p>\n<p>E foi precisamente essa defesa da causa palestiniana que lhe rendeu furiosos ataques das alas mais conservadoras, que o classificam como &#8220;antissemita&#8221;, mas tamb\u00e9m de dentro do pr\u00f3prio Partido Democrata, numa cidade t\u00e3o sens\u00edvel \u00e0 defesa de Israel como \u00e9 Nova Iorque &#8211; dada a import\u00e2ncia num\u00e9rica e econ\u00f3mica da popula\u00e7\u00e3o judaica.<\/p>\n<p>No seu perfil na rede social X, Mamdani descreve-se como o candidato &#8220;democrata socialista&#8221;, que pretende &#8220;congelar as rendas, tornar os autocarros r\u00e1pidos e gratuitos e oferecer creches universais e gratuitas&#8221;. A sua campanha esteve alicer\u00e7ada na aspira\u00e7\u00e3o de tornar Nova Iorque numa cidade mais barata para quem nela mora. Prop\u00f4s taxar os ricos para resolver a crise de acessibilidade econ\u00f3mica da cidade, o que o levou a ser caracterizado pelo Presidente norte-americano, Donald Trump, e por outros republicanos como um &#8220;comunista&#8221; e &#8220;extremista&#8221;.<\/p>\n","protected":false},"excerpt":{"rendered":"Conheceram-se numa aplica\u00e7\u00e3o de encontros, em 2021, casaram-se em fevereiro \u00faltimo e a vida familiar de Rama Duwaji&hellip;\n","protected":false},"author":2,"featured_media":141404,"comment_status":"","ping_status":"","sticky":false,"template":"","format":"standard","meta":{"footnotes":""},"categories":[85],"tags":[17063,31375,20491,114,115,31374,1035,32,31373,33,31372,31172],"class_list":{"0":"post-141403","1":"post","2":"type-post","3":"status-publish","4":"format-standard","5":"has-post-thumbnail","7":"category-entretenimento","8":"tag-ativista","9":"tag-ceramista","10":"tag-delas","11":"tag-entertainment","12":"tag-entretenimento","13":"tag-ilustradora","14":"tag-nova-iorque","15":"tag-portugal","16":"tag-primeira-dama","17":"tag-pt","18":"tag-rama-duwaji","19":"tag-zohran-mamdani"},"share_on_mastodon":{"url":"https:\/\/pubeurope.com\/@pt\/115501695224736924","error":""},"_links":{"self":[{"href":"https:\/\/www.europesays.com\/pt\/wp-json\/wp\/v2\/posts\/141403","targetHints":{"allow":["GET"]}}],"collection":[{"href":"https:\/\/www.europesays.com\/pt\/wp-json\/wp\/v2\/posts"}],"about":[{"href":"https:\/\/www.europesays.com\/pt\/wp-json\/wp\/v2\/types\/post"}],"author":[{"embeddable":true,"href":"https:\/\/www.europesays.com\/pt\/wp-json\/wp\/v2\/users\/2"}],"replies":[{"embeddable":true,"href":"https:\/\/www.europesays.com\/pt\/wp-json\/wp\/v2\/comments?post=141403"}],"version-history":[{"count":0,"href":"https:\/\/www.europesays.com\/pt\/wp-json\/wp\/v2\/posts\/141403\/revisions"}],"wp:featuredmedia":[{"embeddable":true,"href":"https:\/\/www.europesays.com\/pt\/wp-json\/wp\/v2\/media\/141404"}],"wp:attachment":[{"href":"https:\/\/www.europesays.com\/pt\/wp-json\/wp\/v2\/media?parent=141403"}],"wp:term":[{"taxonomy":"category","embeddable":true,"href":"https:\/\/www.europesays.com\/pt\/wp-json\/wp\/v2\/categories?post=141403"},{"taxonomy":"post_tag","embeddable":true,"href":"https:\/\/www.europesays.com\/pt\/wp-json\/wp\/v2\/tags?post=141403"}],"curies":[{"name":"wp","href":"https:\/\/api.w.org\/{rel}","templated":true}]}}