{"id":141414,"date":"2025-11-06T08:18:09","date_gmt":"2025-11-06T08:18:09","guid":{"rendered":"https:\/\/www.europesays.com\/pt\/141414\/"},"modified":"2025-11-06T08:18:09","modified_gmt":"2025-11-06T08:18:09","slug":"tais-araujo-denuncia-autora-de-vale-tudo-na-globo-veja-detalhes","status":"publish","type":"post","link":"https:\/\/www.europesays.com\/pt\/141414\/","title":{"rendered":"Ta\u00eds Ara\u00fajo denuncia autora de &#8216;Vale Tudo&#8217; na Globo; veja detalhes"},"content":{"rendered":"\n<p>O remake de &#8220;Vale Tudo&#8221; chegou ao fim h\u00e1 mais de duas semanas, no entanto o folhetim ainda reverbera nos bastidores na TV Globo. Desta vez, a atriz Ta\u00eds Ara\u00fajo, 46, respons\u00e1vel por viver a protagonista Raquel Acioli, teria registrado uma den\u00fancia contra a autora, Manuela Dias, no compliance da emissora carioca.<\/p>\n<p>De acordo com informa\u00e7\u00f5es da Folha de S\u00e3o Paulo, a queixa teria acontecido ap\u00f3s uma discuss\u00e3o entre as duas sobre o desenvolvimento da personagem ao longo da obra. A den\u00fancia, segundo o jornalista, est\u00e1 sob investiga\u00e7\u00e3o interna. Procurada pela CNN Brasil, a Globo at\u00e9 o momento n\u00e3o retornou o contato.<\/p>\n<p>Conforme a publica\u00e7\u00e3o, o desentendimento entre as duas teria iniciado em agosto, quando a atriz procurou a autora com a inten\u00e7\u00e3o de conversar sobre o desenvolvimento da personagem. Na \u00e9poca, ela argumentou que &#8220;Raquel era mais uma negra protagonista escrita para sofrer em demasia&#8221;, expressando o seu descontentamento com os rumos da trama.<\/p>\n<p>Ta\u00eds tamb\u00e9m teria relatado press\u00e3o por entidades do movimento negro das quais faz parte, que estariam decepcionados com a representa\u00e7\u00e3o de sua personagem no folhetim. J\u00e1 Manuela teria discordado da ideia, provocando ent\u00e3o uma &#8220;forte discuss\u00e3o&#8221; de teor profissional.<\/p>\n<p>Manuela supostamente tamb\u00e9m teria entrado com uma queixa contra Ara\u00fajo, alegando quebra do c\u00f3digo \u00e9tico da empresa, al\u00e9m de negar o inc\u00f4modo uma vez que a atriz levou a quest\u00e3o racial publicamente. Desde ent\u00e3o, as duas n\u00e3o estariam se falando.<\/p>\n","protected":false},"excerpt":{"rendered":"O remake de &#8220;Vale Tudo&#8221; chegou ao fim h\u00e1 mais de duas semanas, no entanto o folhetim ainda&hellip;\n","protected":false},"author":2,"featured_media":141415,"comment_status":"","ping_status":"","sticky":false,"template":"","format":"standard","meta":{"footnotes":""},"categories":[145],"tags":[31376,211,210,12702,28607,114,115,753,32,33,5456,2154,1547],"class_list":{"0":"post-141414","1":"post","2":"type-post","3":"status-publish","4":"format-standard","5":"has-post-thumbnail","7":"category-celebridades","8":"tag-autora","9":"tag-celebridades","10":"tag-celebrities","11":"tag-denuncia","12":"tag-detalhes","13":"tag-entertainment","14":"tag-entretenimento","15":"tag-globo","16":"tag-portugal","17":"tag-pt","18":"tag-tais-araujo","19":"tag-vale-tudo","20":"tag-veja"},"share_on_mastodon":{"url":"https:\/\/pubeurope.com\/@pt\/115501773827838907","error":""},"_links":{"self":[{"href":"https:\/\/www.europesays.com\/pt\/wp-json\/wp\/v2\/posts\/141414","targetHints":{"allow":["GET"]}}],"collection":[{"href":"https:\/\/www.europesays.com\/pt\/wp-json\/wp\/v2\/posts"}],"about":[{"href":"https:\/\/www.europesays.com\/pt\/wp-json\/wp\/v2\/types\/post"}],"author":[{"embeddable":true,"href":"https:\/\/www.europesays.com\/pt\/wp-json\/wp\/v2\/users\/2"}],"replies":[{"embeddable":true,"href":"https:\/\/www.europesays.com\/pt\/wp-json\/wp\/v2\/comments?post=141414"}],"version-history":[{"count":0,"href":"https:\/\/www.europesays.com\/pt\/wp-json\/wp\/v2\/posts\/141414\/revisions"}],"wp:featuredmedia":[{"embeddable":true,"href":"https:\/\/www.europesays.com\/pt\/wp-json\/wp\/v2\/media\/141415"}],"wp:attachment":[{"href":"https:\/\/www.europesays.com\/pt\/wp-json\/wp\/v2\/media?parent=141414"}],"wp:term":[{"taxonomy":"category","embeddable":true,"href":"https:\/\/www.europesays.com\/pt\/wp-json\/wp\/v2\/categories?post=141414"},{"taxonomy":"post_tag","embeddable":true,"href":"https:\/\/www.europesays.com\/pt\/wp-json\/wp\/v2\/tags?post=141414"}],"curies":[{"name":"wp","href":"https:\/\/api.w.org\/{rel}","templated":true}]}}