{"id":141418,"date":"2025-11-06T08:26:15","date_gmt":"2025-11-06T08:26:15","guid":{"rendered":"https:\/\/www.europesays.com\/pt\/141418\/"},"modified":"2025-11-06T08:26:15","modified_gmt":"2025-11-06T08:26:15","slug":"o-natal-em-lisboa-tera-182-km-de-luzes-100-led-inauguracao-com-concerto-de-sara-correia-e-muito-fogo-de-artificio","status":"publish","type":"post","link":"https:\/\/www.europesays.com\/pt\/141418\/","title":{"rendered":"O Natal em Lisboa ter\u00e1 182 km de luzes 100% LED, inaugura\u00e7\u00e3o com concerto de Sara Correia e muito fogo de artif\u00edcio"},"content":{"rendered":"<p>\t\t\t\t\t\t\t\t\t\t\t\t\t\t\t\t\t\t\t\t\t\t<img loading=\"lazy\" decoding=\"async\" src=\"https:\/\/www.europesays.com\/pt\/wp-content\/uploads\/2025\/11\/inauguracao-das-luzes-de-natal-em-lisboa-@@lisbonphotoofficial-@albertoseabra-1024x683.jpg\" class=\"img-fluid\" alt=\"inaugurac\u0327a\u0303o das luzes de natal em lisboa\" width=\"1024\" height=\"683\"\/><br \/>\n\t\t\t\t\t\t\t\t\t\t\t\t\t\t\t\t\t\t\t\t\t\tFotos por @lisbonphotoofficial + @albertoseabra<\/p>\n<p>    Save<\/p>\n<p>A cidade de Lisboa prepara-se a olhos vistos para o arranque oficial da \u00e9poca festiva <strong>com a inaugura\u00e7\u00e3o das luzes de Natal<\/strong> na principais art\u00e9rias da capital, com especial centro de aten\u00e7\u00f5es <strong>no <a href=\"https:\/\/lisboasecreta.co\/pracas-de-lisboa-terreiro-do-paco-praca-comercio\/\" rel=\"follow nofollow noopener\" target=\"_self\" class=\"shortcode-outbound-link\" data-has-ga=\"true\" data-ga-type=\"click\" data-label=\"https:\/\/lisboasecreta.co\/pracas-de-lisboa-terreiro-do-paco-praca-comercio\/\" data-action=\"text_cta_0\" data-category=\"click_internal\">Terreiro do Pa\u00e7o,<\/a><\/strong> que mais um ano se prepara para receber uma festa cheia de pompa e circunst\u00e2ncia, com <strong>concerto ao vivo da fadista Sara Correia, espet\u00e1culo de fogo de artif\u00edcio e um pinheiro de 30 metros de altura.<\/strong><\/p>\n<p>A magia do Natal acontecer\u00e1 <strong>no pr\u00f3ximo dia 22 de novembro, <\/strong>sendo que este ano a C\u00e2mara Municipal de Lisboa promete uma decora\u00e7\u00e3o sem precedentes, apostando ainda num forte compromisso com a sustentabilidade: \u00e9 que <strong>Lisboa vai estar iluminada por cerca de 182 quil\u00f3metros de luzes LED<\/strong> de baixo consumo, o equivalente a dar <strong>mais de tr\u00eas voltas \u00e0 cidade.<\/strong><\/p>\n<p>Segundo comunicado da autarquia, <strong>estas luzes estar\u00e3o distribu\u00eddas por 46 locais distintos,<\/strong> chegando \u00e0s principais pra\u00e7as, ruas e avenidas da cidade, num total de <strong>cerca de mil estruturas luminosas,<\/strong> compostas por um <strong>total de 5.900 pe\u00e7as decorativas.<\/strong><\/p>\n<p> O que vais ver na inaugura\u00e7\u00e3o <img fetchpriority=\"high\" decoding=\"async\" class=\"size-full wp-image-102449\" src=\"https:\/\/www.europesays.com\/pt\/wp-content\/uploads\/2025\/11\/inauguracao-das-luzes-de-natal-em-lisboa-2024-\u00a9-CML-Sofia-Serra.jpg\" alt=\"inaugurac\u0327a\u0303o das luzes de natal em lisboa (2024)\" width=\"1200\" height=\"800\"  \/>\u00a9 CML, Sofia Serra <\/p>\n<p>Como j\u00e1 \u00e9 tradi\u00e7\u00e3o, o momento alto da noite de 22 de novembro ser\u00e1 <strong>a liga\u00e7\u00e3o das luzes do enorme Pinheiro de Natal,<\/strong> que este ano volta a atingir os 30 metros de altura.<\/p>\n<p>Este evento contar\u00e1 ainda com um <strong>espet\u00e1culo de m\u00fasica, luz e cor,<\/strong> atrav\u00e9s de uma <strong>orquestra e pirotecnia,<\/strong> para depois terminar com um <strong>concerto ao vivo da fadista Sara Correia, <\/strong>que promete animar todos os presentes nesta dia muito especial.<\/p>\n<p> Guia para ver as luzes de Natal em 2025 <img loading=\"lazy\" decoding=\"async\" class=\"size-full wp-image-102450\" src=\"https:\/\/www.europesays.com\/pt\/wp-content\/uploads\/2025\/11\/luzes-de-natal-em-lisboa-2024-\u00a9-CML-Ana-Luisa-Alvim-Ana-Sofia-Serra-e-Armindo-Ribeiro-_7.jpg\" alt=\"luzes de natal em lisboa (2024)\" width=\"1200\" height=\"1200\"  \/>\u00a9 CML <\/p>\n<p>Este ano, a C\u00e2mara de Lisboa tamb\u00e9m preparou um <strong>pequeno roteiro<\/strong> para n\u00e3o perderes todas as novidades no que respeita a <strong>decora\u00e7\u00f5es natal\u00edcias nas principais ruas lisboetas:<\/strong><\/p>\n<ul>\n<li><strong>A <a href=\"https:\/\/lisboasecreta.co\/6-locais-de-visita-obrigatoria-na-rua-augusta\/\" rel=\"follow nofollow noopener\" target=\"_self\" class=\"shortcode-outbound-link\" data-has-ga=\"true\" data-ga-type=\"click\" data-label=\"https:\/\/lisboasecreta.co\/6-locais-de-visita-obrigatoria-na-rua-augusta\/\" data-action=\"text_cta_1\" data-category=\"click_internal\">Rua Augusta<\/a><\/strong> ser\u00e1 decorada com \u00e1rvores e \u201cnuvens luminosas\u201d que parecer\u00e3o deslizar sobre os visitantes;<\/li>\n<li><strong>A <a href=\"https:\/\/lisboasecreta.co\/praca-de-luis-de-camoes\/\" rel=\"follow nofollow noopener\" target=\"_self\" class=\"shortcode-outbound-link\" data-has-ga=\"true\" data-ga-type=\"click\" data-label=\"https:\/\/lisboasecreta.co\/praca-de-luis-de-camoes\/\" data-action=\"text_cta_2\" data-category=\"click_internal\">Pra\u00e7a de Lu\u00eds de Cam\u00f5es<\/a><\/strong> receber\u00e1 uma instala\u00e7\u00e3o monumental inspirada num \u201cpal\u00e1cio festivo\u201d;<\/li>\n<li><strong>A <a href=\"https:\/\/lisboasecreta.co\/a-lisboa-do-passado-e-do-presente-rua-garrett\/\" rel=\"follow nofollow noopener\" target=\"_self\" class=\"shortcode-outbound-link\" data-has-ga=\"true\" data-ga-type=\"click\" data-label=\"https:\/\/lisboasecreta.co\/a-lisboa-do-passado-e-do-presente-rua-garrett\/\" data-action=\"text_cta_3\" data-category=\"click_internal\">Rua Garrett<\/a><\/strong> ter\u00e1 \u201cnuvens de luz dourada\u201d a flutuar sobre a rua;<\/li>\n<li><strong>A Rua do Ouro<\/strong> combinar\u00e1 nuvens douradas e estrelas cintilantes, transformando a art\u00e9ria num \u201cfirmamento encantado\u201d;<\/li>\n<li><strong>A <a href=\"https:\/\/lisboasecreta.co\/a-lisboa-do-passado-e-do-presente-rua-do-carmo\/\" rel=\"follow nofollow noopener\" target=\"_self\" class=\"shortcode-outbound-link\" data-has-ga=\"true\" data-ga-type=\"click\" data-label=\"https:\/\/lisboasecreta.co\/a-lisboa-do-passado-e-do-presente-rua-do-carmo\/\" data-action=\"text_cta_4\" data-category=\"click_internal\">Rua do Carmo<\/a><\/strong> ser\u00e1 transformada num t\u00fanel luminoso atrav\u00e9s de uma sequ\u00eancia de arcos de luz, onde a ilumina\u00e7\u00e3o e a m\u00fasica se ir\u00e3o fundir.<\/li>\n<\/ul>\n<p style=\"text-align:center;\"><b>N\u00e3o fiques a ver navios! Segue-nos no <\/b><b><a class=\"c-link\" href=\"https:\/\/www.facebook.com\/LisboaSecreta\/\" rel=\"nofollow noopener\" target=\"_blank\">Facebook,<\/a><\/b><b> no <\/b><b><a class=\"c-link\" href=\"https:\/\/www.instagram.com\/lisboasecreta\/\" rel=\"nofollow noopener\" target=\"_blank\">Instagram<\/a><\/b><b> e agora tamb\u00e9m no <\/b><b><a class=\"c-link\" href=\"https:\/\/whatsapp.com\/channel\/0029VazjBFIGE56cK7wPv31v\" rel=\"nofollow noopener\" target=\"_blank\">WhatsApp!<\/a><\/b><\/p>\n<p>\t\t\t\t<script async src=\"\/\/www.instagram.com\/embed.js\"><\/script><\/p>\n","protected":false},"excerpt":{"rendered":"Fotos por @lisbonphotoofficial + @albertoseabra Save A cidade de Lisboa prepara-se a olhos vistos para o arranque oficial&hellip;\n","protected":false},"author":2,"featured_media":141419,"comment_status":"","ping_status":"","sticky":false,"template":"","format":"standard","meta":{"footnotes":""},"categories":[85],"tags":[114,115,7561,32,33,5245],"class_list":{"0":"post-141418","1":"post","2":"type-post","3":"status-publish","4":"format-standard","5":"has-post-thumbnail","7":"category-entretenimento","8":"tag-entertainment","9":"tag-entretenimento","10":"tag-natal","11":"tag-portugal","12":"tag-pt","13":"tag-visita-livre"},"share_on_mastodon":{"url":"https:\/\/pubeurope.com\/@pt\/115501805486749784","error":""},"_links":{"self":[{"href":"https:\/\/www.europesays.com\/pt\/wp-json\/wp\/v2\/posts\/141418","targetHints":{"allow":["GET"]}}],"collection":[{"href":"https:\/\/www.europesays.com\/pt\/wp-json\/wp\/v2\/posts"}],"about":[{"href":"https:\/\/www.europesays.com\/pt\/wp-json\/wp\/v2\/types\/post"}],"author":[{"embeddable":true,"href":"https:\/\/www.europesays.com\/pt\/wp-json\/wp\/v2\/users\/2"}],"replies":[{"embeddable":true,"href":"https:\/\/www.europesays.com\/pt\/wp-json\/wp\/v2\/comments?post=141418"}],"version-history":[{"count":0,"href":"https:\/\/www.europesays.com\/pt\/wp-json\/wp\/v2\/posts\/141418\/revisions"}],"wp:featuredmedia":[{"embeddable":true,"href":"https:\/\/www.europesays.com\/pt\/wp-json\/wp\/v2\/media\/141419"}],"wp:attachment":[{"href":"https:\/\/www.europesays.com\/pt\/wp-json\/wp\/v2\/media?parent=141418"}],"wp:term":[{"taxonomy":"category","embeddable":true,"href":"https:\/\/www.europesays.com\/pt\/wp-json\/wp\/v2\/categories?post=141418"},{"taxonomy":"post_tag","embeddable":true,"href":"https:\/\/www.europesays.com\/pt\/wp-json\/wp\/v2\/tags?post=141418"}],"curies":[{"name":"wp","href":"https:\/\/api.w.org\/{rel}","templated":true}]}}