{"id":141420,"date":"2025-11-06T08:30:26","date_gmt":"2025-11-06T08:30:26","guid":{"rendered":"https:\/\/www.europesays.com\/pt\/141420\/"},"modified":"2025-11-06T08:30:26","modified_gmt":"2025-11-06T08:30:26","slug":"gnr-encontra-em-pombal-menores-desaparecidos-da-alemanha-observador","status":"publish","type":"post","link":"https:\/\/www.europesays.com\/pt\/141420\/","title":{"rendered":"GNR encontra em Pombal menores desaparecidos da Alemanha \u2013 Observador"},"content":{"rendered":"<p>A Guarda Nacional Republicana (GNR) anunciou esta quarta-feira ter localizado tr\u00eas menores dados como desaparecidos na Alemanha ap\u00f3s intercetar uma viatura que circulava com matr\u00edculas falsas no concelho de Pombal e cujo condutor foi detido.<\/p>\n<p>Em comunicado, o Comando Territorial de Leiria da GNR explicou que, numa a\u00e7\u00e3o, na segunda-feira, para intercetar uma viatura que<strong> circulava com matr\u00edculas falsas<\/strong>, \u201cfoi poss\u00edvel apurar-se que, no interior do ve\u00edculo, para al\u00e9m do condutor de 18 anos, seguiam dois menores, um jovem de 13 anos e uma jovem de 15 anos, residentes na Alemanha e sinalizados como desaparecidos na Plataforma Schengen\u201d.<\/p>\n<p>Realizadas buscas ao ve\u00edculo e de seguran\u00e7a ao condutor e ocupantes, a GNR adiantou que o automobilista \u201c<strong>estava na posse de 360 doses de anfetaminas<\/strong>, n\u00e3o possu\u00eda habilita\u00e7\u00e3o legal para conduzir e que, sobre o mesmo, reca\u00eda a suspeita de furto de outros ve\u00edculos e moedeiros (m\u00e1quinas de pagamento onde s\u00e3o colocadas moedas) em estabelecimentos comerciais no distrito de Leiria\u201d, pelo que foi detido.<\/p>\n<p>Al\u00e9m das anfetaminas, a GNR apreendeu a viatura e duas chaves que pertencem a viaturas furtadas na \u00faltima semana, em Leiria e Pombal.<\/p>\n<p>\u00c0 ag\u00eancia Lusa, fonte da GNR explicou que o condutor do ve\u00edculo \u00e9 portugu\u00eas e irm\u00e3o da adolescente de 15 anos que seguia no carro e dada como desaparecida na Alemanha. Esta foi entregue a familiares residentes em Portugal.<\/p>\n<p>Quanto ao outro menor, alem\u00e3o de 13 anos, n\u00e3o h\u00e1 rela\u00e7\u00e3o familiar com aqueles e aguarda numa institui\u00e7\u00e3o transitoriamente at\u00e9 estarem conclu\u00eddas as dilig\u00eancias para regressar ao pa\u00eds de origem.<\/p>\n<p>Estes dois menores estavam dados como desaparecidos h\u00e1 cerca de uma semana, revelou a mesma fonte.<\/p>\n<p>Ainda no decurso das dilig\u00eancias policiais, foram tamb\u00e9m localizadas <strong>tr\u00eas pessoas<\/strong>, um jovem e uma jovem, ambos de 17 anos, e um homem de 39 anos, em Castelo Branco, sendo que a menor se encontrava tamb\u00e9m sinalizada como desaparecida na Plataforma Schengen.<\/p>\n<p>A mesma fonte referiu que foram os ocupantes do carro que \u201cacabaram por dizer que existiam mais tr\u00eas pessoas, em Castelo Branco, que costumavam andar com eles\u201d.<\/p>\n<p>Destas tr\u00eas pessoas, todas alem\u00e3s, a jovem de 17 anos estava dada como desaparecida h\u00e1 cerca de duas semanas, aguardando igualmente numa institui\u00e7\u00e3o at\u00e9 regressar ao seu pa\u00eds.<\/p>\n<p>\u201cO que faziam ao certo ainda est\u00e1 por apurar, mas admite-se que, para poderem sobreviver, poder\u00e3o ter liga\u00e7\u00e3o ao cometimento de alguns de furtos\u201d, declarou a fonte da GNR, acrescentando que a investiga\u00e7\u00e3o vai prosseguir.<\/p>\n<p>O detido, suspeito de tr\u00e1fico de estupefacientes, condu\u00e7\u00e3o sem habilita\u00e7\u00e3o legal e furto de ve\u00edculo, vai ser presente esta quarta-feira a primeiro interrogat\u00f3rio judicial no Tribunal Judicial de Leiria.<\/p>\n<p>Esta a\u00e7\u00e3o contou com o refor\u00e7o do Comando Territorial de Castelo Branco.<\/p>\n<p class=\"tinymceh1\"><strong>[H\u00e1 d\u00favidas at\u00e9 ao fim que acabam na vit\u00f3ria mais curta da Hist\u00f3ria.\u00a0A\u00a0<a href=\"https:\/\/observador.pt\/wp-admin\/post.php?post=7685876&amp;action=edit\" rel=\"nofollow noopener\" target=\"_blank\">\u201cElei\u00e7\u00e3o Mais Louca de Sempre\u201d<\/a>\u00a0\u00e9 o novo Podcast Plus do Observador sobre as Presidenciais de 1986. Uma s\u00e9rie narrada pelo ator Gon\u00e7alo Waddington, com banda sonora original de Samuel \u00daria. Pode ouvir o \u00faltimo epis\u00f3dio\u00a0<a href=\"https:\/\/observador.pt\/programas\/a-eleio-mais-louca-de-sempre\/episodio-6-a-vitoria-mais-curta-da-historia\/\" rel=\"nofollow noopener\" target=\"_blank\">aqui<\/a>, no\u00a0Observador, e tamb\u00e9m na\u00a0<a href=\"https:\/\/podcasts.apple.com\/pt\/podcast\/epis%C3%B3dio-6-a-vit%C3%B3ria-mais-curta-da-hist%C3%B3ria\/id1841273464?i=1000735108841\" rel=\"nofollow noopener\" target=\"_blank\">Apple Podcasts<\/a>, no\u00a0<a href=\"https:\/\/open.spotify.com\/episode\/01P6DWg39vDsqRDF9hHto6?si=32fb673d4e6f476f\" rel=\"nofollow noopener\" target=\"_blank\">Spotify<\/a>\u00a0e no\u00a0<a href=\"https:\/\/music.youtube.com\/watch?v=tC9N52JuIbI&amp;si=yDUA94GtcmbZxfYl\" rel=\"nofollow noopener\" target=\"_blank\">Youtube Music<\/a>. E pode ouvir o primeiro epis\u00f3dio\u00a0<a href=\"https:\/\/observador.pt\/programas\/a-eleio-mais-louca-de-sempre\/estreia-a-eleicao-mais-louca-de-sempre-episodio-1-apostamos-no-cavalo-errado\/\" target=\"_blank\" rel=\"noopener nofollow\">aqui<\/a>,\u00a0o segundo\u00a0<a href=\"https:\/\/observador.pt\/programas\/a-eleio-mais-louca-de-sempre\/episodio-2-uma-traicao-inesperada\/\" target=\"_blank\" rel=\"noopener nofollow\">aqui<\/a>,\u00a0o terceiro\u00a0<a href=\"https:\/\/observador.pt\/programas\/a-eleio-mais-louca-de-sempre\/episodio-3-ele-nao-e-meu-irmao\/\" rel=\"nofollow noopener\" target=\"_blank\">aqui<\/a>, o\u00a0<a href=\"https:\/\/observador.pt\/programas\/a-eleio-mais-louca-de-sempre\/episodio-4-portugal-nao-e-moscovo\/\" rel=\"nofollow noopener\" target=\"_blank\">quarto<\/a>\u00a0aqui e o\u00a0<a href=\"https:\/\/observador.pt\/programas\/a-eleio-mais-louca-de-sempre\/episodio-5-uma-armadilha-em-direto\/\" rel=\"nofollow noopener\" target=\"_blank\">quinto\u00a0<\/a>aqui]<\/strong><\/p>\n<p><a href=\"https:\/\/observador.pt\/programas\/a-eleio-mais-louca-de-sempre\/episodio-6-a-vitoria-mais-curta-da-historia\/\" rel=\"nofollow noopener\" target=\"_blank\"><\/p>\n<p>        <img src=\"https:\/\/www.europesays.com\/pt\/wp-content\/uploads\/2025\/10\/1761878958_488_770-a-eleicao-mais-louca-de-sempre-playicon.png\" alt=\"\" loading=\"lazy\" decoding=\"async\" class=\"alignnone\" onload=\"this.parentElement.classList.remove('spinner')\" onerror=\"this.parentElement.classList.remove('spinner')\" width=\"770\" height=\"433\"\/>    <\/p>\n<p><\/a><\/p>\n","protected":false},"excerpt":{"rendered":"A Guarda Nacional Republicana (GNR) anunciou esta quarta-feira ter localizado tr\u00eas menores dados como desaparecidos na Alemanha ap\u00f3s&hellip;\n","protected":false},"author":2,"featured_media":141421,"comment_status":"","ping_status":"","sticky":false,"template":"","format":"standard","meta":{"footnotes":""},"categories":[10],"tags":[1305,27,28,445,15,16,2002,14,300,25,26,21,22,62,12,13,19,20,2003,32,23,24,33,2004,58,17,18,29,30,31],"class_list":{"0":"post-141420","1":"post","2":"type-post","3":"status-publish","4":"format-standard","5":"has-post-thumbnail","7":"category-portugal","8":"tag-alemanha","9":"tag-breaking-news","10":"tag-breakingnews","11":"tag-europa","12":"tag-featured-news","13":"tag-featurednews","14":"tag-gnr","15":"tag-headlines","16":"tag-justiu00e7a","17":"tag-latest-news","18":"tag-latestnews","19":"tag-main-news","20":"tag-mainnews","21":"tag-mundo","22":"tag-news","23":"tag-noticias","24":"tag-noticias-principais","25":"tag-noticiasprincipais","26":"tag-polu00edcia","27":"tag-portugal","28":"tag-principais-noticias","29":"tag-principaisnoticias","30":"tag-pt","31":"tag-seguranu00e7a","32":"tag-sociedade","33":"tag-top-stories","34":"tag-topstories","35":"tag-ultimas","36":"tag-ultimas-noticias","37":"tag-ultimasnoticias"},"share_on_mastodon":{"url":"https:\/\/pubeurope.com\/@pt\/115501821149622918","error":""},"_links":{"self":[{"href":"https:\/\/www.europesays.com\/pt\/wp-json\/wp\/v2\/posts\/141420","targetHints":{"allow":["GET"]}}],"collection":[{"href":"https:\/\/www.europesays.com\/pt\/wp-json\/wp\/v2\/posts"}],"about":[{"href":"https:\/\/www.europesays.com\/pt\/wp-json\/wp\/v2\/types\/post"}],"author":[{"embeddable":true,"href":"https:\/\/www.europesays.com\/pt\/wp-json\/wp\/v2\/users\/2"}],"replies":[{"embeddable":true,"href":"https:\/\/www.europesays.com\/pt\/wp-json\/wp\/v2\/comments?post=141420"}],"version-history":[{"count":0,"href":"https:\/\/www.europesays.com\/pt\/wp-json\/wp\/v2\/posts\/141420\/revisions"}],"wp:featuredmedia":[{"embeddable":true,"href":"https:\/\/www.europesays.com\/pt\/wp-json\/wp\/v2\/media\/141421"}],"wp:attachment":[{"href":"https:\/\/www.europesays.com\/pt\/wp-json\/wp\/v2\/media?parent=141420"}],"wp:term":[{"taxonomy":"category","embeddable":true,"href":"https:\/\/www.europesays.com\/pt\/wp-json\/wp\/v2\/categories?post=141420"},{"taxonomy":"post_tag","embeddable":true,"href":"https:\/\/www.europesays.com\/pt\/wp-json\/wp\/v2\/tags?post=141420"}],"curies":[{"name":"wp","href":"https:\/\/api.w.org\/{rel}","templated":true}]}}