{"id":141428,"date":"2025-11-06T08:42:29","date_gmt":"2025-11-06T08:42:29","guid":{"rendered":"https:\/\/www.europesays.com\/pt\/141428\/"},"modified":"2025-11-06T08:42:29","modified_gmt":"2025-11-06T08:42:29","slug":"novos-perfumes-da-mercadona-sao-verdadeiras-joias-que-deixam-rasto","status":"publish","type":"post","link":"https:\/\/www.europesays.com\/pt\/141428\/","title":{"rendered":"Novos perfumes da Mercadona s\u00e3o verdadeiras joias que deixam rasto"},"content":{"rendered":"<p>H\u00e1 quem diga que um perfume \u00e9 como uma marca de assinatura invis\u00edvel, bastando algumas pulveriza\u00e7\u00f5es nos pulsos ou no pesco\u00e7o para deixar rasto. Os perfumes s\u00f3 precisam de ter express\u00e3o suficiente para isso e parece que \u00e9 essa a proposta da Mercadona com as novas fragr\u00e2ncias para mulher e homem.\u00a0<\/p>\n<p>Na primeira categoria, a Mercadona apresenta o perfume Sakai da linha Como T\u00fa (\u20ac12), uma\u00a0fragr\u00e2ncia floral amadeirada que se apresenta num frasco nacarado, guardado numa caixa em forma de ostra. Nas suas notas olfativas, a gard\u00e9nia abre o perfume com frescura, a tuberosa revela um cora\u00e7\u00e3o sedutor, e o oud encerra o conjunto com um toque ex\u00f3tico e envolvente. Um perfume pensado para mulheres confiantes, que gostam de deixar um rasto sofisticado por onde passam.<\/p>\n<p>J\u00e1 o perfume Crystal My Soul (\u20ac15),\u00a0\u00e9 pura luminosidade. Floral e ambarada, esta fragr\u00e2ncia conquista desde o primeiro instante, num frasco nacarado coroado por uma tampa em forma de cristal, representando uma verdadeira joia. As notas de pimenta-rosa d\u00e3o-lhe uma sa\u00edda vibrante, seguidas de um cora\u00e7\u00e3o de l\u00edrio delicado e um fundo de baunilha que acrescenta calor e suavidade. O resultado? Um perfume elegante, moderno e irresistivelmente feminino.<\/p>\n<p>J\u00e1 para eles, entre as novidades est\u00e1 o\u00a0Quartz My Soul (\u20ac15), uma fragr\u00e2ncia amadeirada \u00e2mbar, com uma composi\u00e7\u00e3o equilibrada, elegante e cheia de presen\u00e7a, que tem na tampa do frasco uma gema, refletindo a pureza e a for\u00e7a do quartzo. Nas notas de sa\u00edda destaca-se o cardamomo e no cora\u00e7\u00e3o o oud. Tamb\u00e9m novo \u00e9 o\u00a0Labuan Como T\u00fa (\u20ac12), que celebra a beleza do inesperado, numo frasco em forma de ostra, do qual saem como notas de sa\u00edda a\u00a0s\u00e1lvia e no cora\u00e7\u00e3o o cacau.\u00a0<\/p>\n<p>Mas aten\u00e7\u00e3o: como todas as boas coisas, estas fragr\u00e2ncias est\u00e3o dispon\u00edveis em edi\u00e7\u00f5es limitadas. Por isso, se quiseres garantir o teu frasco, o melhor \u00e9 apressares-te, porque perfumes assim n\u00e3o esperam por ningu\u00e9m.<\/p>\n<p>Mostramos todos os novos perfumes na galeria de imagens.\u00a0<\/p>\n","protected":false},"excerpt":{"rendered":"H\u00e1 quem diga que um perfume \u00e9 como uma marca de assinatura invis\u00edvel, bastando algumas pulveriza\u00e7\u00f5es nos pulsos&hellip;\n","protected":false},"author":2,"featured_media":141429,"comment_status":"","ping_status":"","sticky":false,"template":"","format":"standard","meta":{"footnotes":""},"categories":[83],"tags":[1081,88,204,89,90,754,186,4317,1079,635,11865,32,33,1078,1080],"class_list":{"0":"post-141428","1":"post","2":"type-post","3":"status-publish","4":"format-standard","5":"has-post-thumbnail","7":"category-empresas","8":"tag-beleza","9":"tag-business","10":"tag-design","11":"tag-economy","12":"tag-empresas","13":"tag-gastronomia","14":"tag-lifestyle","15":"tag-mercadona","16":"tag-moda","17":"tag-novidade","18":"tag-perfume","19":"tag-portugal","20":"tag-pt","21":"tag-versa","22":"tag-viagens"},"share_on_mastodon":{"url":"https:\/\/pubeurope.com\/@pt\/115501868169894446","error":""},"_links":{"self":[{"href":"https:\/\/www.europesays.com\/pt\/wp-json\/wp\/v2\/posts\/141428","targetHints":{"allow":["GET"]}}],"collection":[{"href":"https:\/\/www.europesays.com\/pt\/wp-json\/wp\/v2\/posts"}],"about":[{"href":"https:\/\/www.europesays.com\/pt\/wp-json\/wp\/v2\/types\/post"}],"author":[{"embeddable":true,"href":"https:\/\/www.europesays.com\/pt\/wp-json\/wp\/v2\/users\/2"}],"replies":[{"embeddable":true,"href":"https:\/\/www.europesays.com\/pt\/wp-json\/wp\/v2\/comments?post=141428"}],"version-history":[{"count":0,"href":"https:\/\/www.europesays.com\/pt\/wp-json\/wp\/v2\/posts\/141428\/revisions"}],"wp:featuredmedia":[{"embeddable":true,"href":"https:\/\/www.europesays.com\/pt\/wp-json\/wp\/v2\/media\/141429"}],"wp:attachment":[{"href":"https:\/\/www.europesays.com\/pt\/wp-json\/wp\/v2\/media?parent=141428"}],"wp:term":[{"taxonomy":"category","embeddable":true,"href":"https:\/\/www.europesays.com\/pt\/wp-json\/wp\/v2\/categories?post=141428"},{"taxonomy":"post_tag","embeddable":true,"href":"https:\/\/www.europesays.com\/pt\/wp-json\/wp\/v2\/tags?post=141428"}],"curies":[{"name":"wp","href":"https:\/\/api.w.org\/{rel}","templated":true}]}}