{"id":14143,"date":"2025-08-03T11:54:04","date_gmt":"2025-08-03T11:54:04","guid":{"rendered":"https:\/\/www.europesays.com\/pt\/14143\/"},"modified":"2025-08-03T11:54:04","modified_gmt":"2025-08-03T11:54:04","slug":"apos-jantar-barbara-parada-rendida-a-homem-especial-senhor-engenheiro","status":"publish","type":"post","link":"https:\/\/www.europesays.com\/pt\/14143\/","title":{"rendered":"Ap\u00f3s jantar, B\u00e1rbara Parada rendida a homem especial: &#8220;Senhor engenheiro&#8221;"},"content":{"rendered":"<p><a href=\"https:\/\/selfie.iol.pt\/famosos\/francisco-monteiro\/francisco-monteiro-e-barbara-parada-fazem-apelo-foi-visto-pela-ultima-vez-ontem\/20250801\/688c9ab8d34ef72ee448fd35\" target=\"_blank\" rel=\"nofollow noopener\">B\u00e1rbara Parada<\/a> tem mais um motivo para sorrir: o respetivo irm\u00e3o, Jo\u00e3o, \u00e9, oficialmente, engenheiro inform\u00e1tico. Foi a pr\u00f3pria finalista do &#8220;<a href=\"https:\/\/tvi.iol.pt\/bigbrother\/\" target=\"_blank\" rel=\"nofollow noopener\">Big Brother 2022<\/a>&#8221; quem o revelou a partir do Instagram.<\/p>\n<p>&#8220;Viemos jantar os quatro para festejar o facto de o meu irm\u00e3o ser oficialmente engenheiro inform\u00e1tico&#8221;, come\u00e7ou por referir B\u00e1rbara Parada na legenda de uma fotografia, na qual a jovem posa com o familiar e com os pais.<\/p>\n<p>&#8220;O senhor engenheiro&#8221;, escreveu, ainda, B\u00e1rbara Parada na legenda de uma imagem do irm\u00e3o. J\u00e1 noutro registo, a irm\u00e3 babada deixou uma confiss\u00e3o: &#8220;Sou irm\u00e3 mais nova de uma pessoa que sempre foi o maior cr\u00e2nio. Agora, pensem na press\u00e3o que levei durante a inf\u00e2ncia\/ adolesc\u00eancia dos meus pais\/ professores. Ningu\u00e9m fala sobre isso!&#8221;<\/p>\n<p>Veja, agora, algumas das melhores imagens de B\u00e1rbara Parada nas galerias de fotografias que prepar\u00e1mos para si.<\/p>\n<p><img decoding=\"async\" alt=\"\" onclick=\"\" src=\"https:\/\/www.europesays.com\/pt\/wp-content\/uploads\/2025\/08\/1024.jpeg\" title=\"B\u00e1rbara Parada\"\/><\/p>\n<p><img decoding=\"async\" alt=\"\" onclick=\"\" src=\"https:\/\/www.europesays.com\/pt\/wp-content\/uploads\/2025\/08\/1754222044_144_1024.jpeg\" title=\"B\u00e1rbara Parada\"\/><\/p>\n<p><img decoding=\"async\" alt=\"\" onclick=\"\" src=\"https:\/\/www.europesays.com\/pt\/wp-content\/uploads\/2025\/08\/1754222044_128_1024.jpeg\" title=\"B\u00e1rbara Parada\"\/><\/p>\n","protected":false},"excerpt":{"rendered":"B\u00e1rbara Parada tem mais um motivo para sorrir: o respetivo irm\u00e3o, Jo\u00e3o, \u00e9, oficialmente, engenheiro inform\u00e1tico. Foi a&hellip;\n","protected":false},"author":2,"featured_media":14144,"comment_status":"","ping_status":"","sticky":false,"template":"","format":"standard","meta":{"footnotes":""},"categories":[142],"tags":[2151,48,114,115,981,980,1015,619,32,33,1014,1012,151,162],"class_list":{"0":"post-14143","1":"post","2":"type-post","3":"status-publish","4":"format-standard","5":"has-post-thumbnail","7":"category-tv","8":"tag-barbara-parada","9":"tag-big-brother","10":"tag-entertainment","11":"tag-entretenimento","12":"tag-familia","13":"tag-famosos","14":"tag-instagram","15":"tag-nacional","16":"tag-portugal","17":"tag-pt","18":"tag-reality-show","19":"tag-selfie","20":"tag-tv","21":"tag-tvi"},"share_on_mastodon":{"url":"","error":""},"_links":{"self":[{"href":"https:\/\/www.europesays.com\/pt\/wp-json\/wp\/v2\/posts\/14143","targetHints":{"allow":["GET"]}}],"collection":[{"href":"https:\/\/www.europesays.com\/pt\/wp-json\/wp\/v2\/posts"}],"about":[{"href":"https:\/\/www.europesays.com\/pt\/wp-json\/wp\/v2\/types\/post"}],"author":[{"embeddable":true,"href":"https:\/\/www.europesays.com\/pt\/wp-json\/wp\/v2\/users\/2"}],"replies":[{"embeddable":true,"href":"https:\/\/www.europesays.com\/pt\/wp-json\/wp\/v2\/comments?post=14143"}],"version-history":[{"count":0,"href":"https:\/\/www.europesays.com\/pt\/wp-json\/wp\/v2\/posts\/14143\/revisions"}],"wp:featuredmedia":[{"embeddable":true,"href":"https:\/\/www.europesays.com\/pt\/wp-json\/wp\/v2\/media\/14144"}],"wp:attachment":[{"href":"https:\/\/www.europesays.com\/pt\/wp-json\/wp\/v2\/media?parent=14143"}],"wp:term":[{"taxonomy":"category","embeddable":true,"href":"https:\/\/www.europesays.com\/pt\/wp-json\/wp\/v2\/categories?post=14143"},{"taxonomy":"post_tag","embeddable":true,"href":"https:\/\/www.europesays.com\/pt\/wp-json\/wp\/v2\/tags?post=14143"}],"curies":[{"name":"wp","href":"https:\/\/api.w.org\/{rel}","templated":true}]}}