{"id":141440,"date":"2025-11-06T08:57:07","date_gmt":"2025-11-06T08:57:07","guid":{"rendered":"https:\/\/www.europesays.com\/pt\/141440\/"},"modified":"2025-11-06T08:57:07","modified_gmt":"2025-11-06T08:57:07","slug":"trump-prepara-se-para-boicotar-nova-iorque","status":"publish","type":"post","link":"https:\/\/www.europesays.com\/pt\/141440\/","title":{"rendered":"\u201cTrump prepara-se para boicotar Nova Iorque\u201d"},"content":{"rendered":"<p>        As elei\u00e7\u00f5es nos Estados Unidos ditaram a vit\u00f3ria dos democratas, incluindo nas corridas para mayor de Nova Iorque e governador em Nova J\u00e9rsia e Virg\u00ednia. Mas o \u2018dia seguinte\u2019 pode ser mais dif\u00edcil: a administra\u00e7\u00e3o federal n\u00e3o estar\u00e1 dispon\u00edvel para colaborar.    <\/p>\n<p>Na Virg\u00ednia, Abigail Spanberger, uma antiga dirigente da CIA, \u00e9 a primeira mulher governadora do Estado. Para o cargo de vice-governador ganhou Ghazala Hashmi, tamb\u00e9m do Partido Democrata, que \u00e9 a primeira mulher mu\u00e7ulmana a ser eleita para um gabinete estadual desta import\u00e2ncia no Estado da Virg\u00ednia. Numa vit\u00f3ria para a ala progressista do Partido Democrata, Zohran Mamdani foi eleito presidente da c\u00e2mara de Nova Iorque, derrotou o ex-governador Andrew Cuomo e o republicano Curtis Sliwa. Em Nova J\u00e9rsia, onde Trump apoiou o candidato republicano Jack Ciattarelli, os eleitores optaram por manter os democratas no poder e elegeram Mikie Sherill.<\/p>\n<p>Mas, se tudo correu bem no dia das elei\u00e7\u00f5es, seguem-se agora \u2018os dias seguintes\u2019. Francisco Seixas da Costa, analista de assuntos internacionais, considera que \u201cTrump prepara-se para boicotar Nova Iorque\u201d. Por uma raz\u00e3o simples: a cidade \u00e9 demasiado importante para que o presidente permita que uma alternativa democrata \u00e0s suas pr\u00f3prias pol\u00edticas venha a ter sucesso. Por outro lado, o \u2018cerco\u2019 que Trump tem feito a diversas cidades controladas por democratas \u2013 desde logo a improv\u00e1vel convoca\u00e7\u00e3o de militares para assegurarem a seguran\u00e7a das suas popula\u00e7\u00f5es invocando dificuldades locais que ningu\u00e9m conseguiu provar \u2013 demonstra o poder de \u2018intromiss\u00e3o\u2019 federal sobre os Estados e as cidades.<\/p>\n<p>Trump, que j\u00e1 disse que Zohran Mamdani \u00e9 um comunista e jihadista, far\u00e1 tudo, na \u00f3tica de Seixas da Costa, para impedir que o novo mayor da cidade coloque a sua agenda no ativo \u2013 e principalmente que essa agenda tenha sucesso. Para todos os efeitos, os cr\u00edticos de Mamdani afirmam que os principais pontos dessa agenda s\u00e3o puro \u201cpopulismo de esquerda\u201d e n\u00e3o s\u00e3o sequer exequ\u00edveis. Mamdani defende o aumento de impostos para quem ganha mais de um milh\u00e3o de d\u00f3lares por ano e o combate ao alto custo de vida na cidade \u2013 eventualmente congelando as rendas no imobili\u00e1rio; quer um sistema de autocarros gratuitos para toda a cidade; e a cria\u00e7\u00e3o de cinco supermercados subsidiados pelo governo, um em cada distrito da cidade de Nova York. Os cr\u00edticos dizem que as propostas iriam criar duas cidades que se tornariam incompat\u00edveis entre si. E tamb\u00e9m lembram que Nova Iorque ainda n\u00e3o ganhou a independ\u00eancia: algumas das propostas estar\u00e3o acima daquilo que um mayor pode decidir.<\/p>\n<p>\u00a0<\/p>\n<p>Consequ\u00eancias pol\u00edticas<\/p>\n<p>De qualquer modo, os democratas venceram as principais disputas que foram a elei\u00e7\u00e3o \u2013 e isso \u00e9 algo que Trump n\u00e3o vai mudar. Os seus apoiantes afirmaram ao longo do dia que qualquer extrapola\u00e7\u00e3o do local para o federal enferma de erros de an\u00e1lise pol\u00edtica que n\u00e3o se devem cometer. Seixas da Costa diz algo de semelhante: \u201cas \u00fanicas elei\u00e7\u00f5es que d\u00e3o indica\u00e7\u00e3o sobre a forma como o pa\u00eds olha para Trump s\u00e3o as intercalares, que ter\u00e3o lugar dentro de um ano, em novembro\u201d.<\/p>\n<p>Mesmo assim, Trump n\u00e3o ter\u00e1 ficado agradado com a \u2018revoada\u2019 democrata que se fez sentir. E da\u00ed a possibilidade de \u2018tomar de ponta\u2019 nos novos dirigentes democratas.<\/p>\n<p>Mas as vit\u00f3rias serviram tamb\u00e9m \u201cpara os democratas prestarem prova de vida\u201d, disse ainda o embaixador Seixas da Costa. Baralhados com a derrota nas elei\u00e7\u00f5es presidenciais, os democratas demoram a encontrar um rumo que possa servir-lhe para se apresentarem \u2018vivos\u2019 \u00e0s presidenciais de 2028. N\u00e3o \u00e9 tradicional que os partidos norte-americanos assegurem a figura do l\u00edder de oposi\u00e7\u00e3o \u2013 Trump foi a exce\u00e7\u00e3o que confirma a regra \u2013 e por isso ainda n\u00e3o \u00e9 poss\u00edvel, diz Seixas da Costa, imaginar, para j\u00e1, Mamdani a concorrer \u00e0s prim\u00e1rias democratas, quando elas tiverem lugar.<\/p>\n<p>Seja como for, o quadro pol\u00edtico norte-americano tornou-se de repente menos opaco e menos monocrom\u00e1tico. Agora, os democratas t\u00eam um ano para tentarem retirar a maioria republicana de Trump na C\u00e2mara dos Representantes \u2013 sendo certo que a \u2018sua\u2019 maioria no Senado ser\u00e1 mais dif\u00edcil de remover.<\/p>\n","protected":false},"excerpt":{"rendered":"As elei\u00e7\u00f5es nos Estados Unidos ditaram a vit\u00f3ria dos democratas, incluindo nas corridas para mayor de Nova Iorque&hellip;\n","protected":false},"author":2,"featured_media":141441,"comment_status":"","ping_status":"","sticky":false,"template":"","format":"standard","meta":{"footnotes":""},"categories":[50],"tags":[27,28,92,31377,413,15,16,31378,14,25,26,21,22,62,12,13,19,20,23,24,17,18,29,30,31,63,64,65],"class_list":{"0":"post-141440","1":"post","2":"type-post","3":"status-publish","4":"format-standard","5":"has-post-thumbnail","7":"category-mundo","8":"tag-breaking-news","9":"tag-breakingnews","10":"tag-donald-trump","11":"tag-eleicoes-nos-eua","12":"tag-eua","13":"tag-featured-news","14":"tag-featurednews","15":"tag-francisco-seixas-da-costa","16":"tag-headlines","17":"tag-latest-news","18":"tag-latestnews","19":"tag-main-news","20":"tag-mainnews","21":"tag-mundo","22":"tag-news","23":"tag-noticias","24":"tag-noticias-principais","25":"tag-noticiasprincipais","26":"tag-principais-noticias","27":"tag-principaisnoticias","28":"tag-top-stories","29":"tag-topstories","30":"tag-ultimas","31":"tag-ultimas-noticias","32":"tag-ultimasnoticias","33":"tag-world","34":"tag-world-news","35":"tag-worldnews"},"share_on_mastodon":{"url":"https:\/\/pubeurope.com\/@pt\/115501927154438566","error":""},"_links":{"self":[{"href":"https:\/\/www.europesays.com\/pt\/wp-json\/wp\/v2\/posts\/141440","targetHints":{"allow":["GET"]}}],"collection":[{"href":"https:\/\/www.europesays.com\/pt\/wp-json\/wp\/v2\/posts"}],"about":[{"href":"https:\/\/www.europesays.com\/pt\/wp-json\/wp\/v2\/types\/post"}],"author":[{"embeddable":true,"href":"https:\/\/www.europesays.com\/pt\/wp-json\/wp\/v2\/users\/2"}],"replies":[{"embeddable":true,"href":"https:\/\/www.europesays.com\/pt\/wp-json\/wp\/v2\/comments?post=141440"}],"version-history":[{"count":0,"href":"https:\/\/www.europesays.com\/pt\/wp-json\/wp\/v2\/posts\/141440\/revisions"}],"wp:featuredmedia":[{"embeddable":true,"href":"https:\/\/www.europesays.com\/pt\/wp-json\/wp\/v2\/media\/141441"}],"wp:attachment":[{"href":"https:\/\/www.europesays.com\/pt\/wp-json\/wp\/v2\/media?parent=141440"}],"wp:term":[{"taxonomy":"category","embeddable":true,"href":"https:\/\/www.europesays.com\/pt\/wp-json\/wp\/v2\/categories?post=141440"},{"taxonomy":"post_tag","embeddable":true,"href":"https:\/\/www.europesays.com\/pt\/wp-json\/wp\/v2\/tags?post=141440"}],"curies":[{"name":"wp","href":"https:\/\/api.w.org\/{rel}","templated":true}]}}