{"id":141442,"date":"2025-11-06T09:03:54","date_gmt":"2025-11-06T09:03:54","guid":{"rendered":"https:\/\/www.europesays.com\/pt\/141442\/"},"modified":"2025-11-06T09:03:54","modified_gmt":"2025-11-06T09:03:54","slug":"menores-desaparecidos-na-alemanha-localizados","status":"publish","type":"post","link":"https:\/\/www.europesays.com\/pt\/141442\/","title":{"rendered":"Menores Desaparecidos na Alemanha Localizados"},"content":{"rendered":"<p>A Guarda Nacional Republicana (GNR) anunciou esta quarta-feira, 5 de novembro, ter localizado tr\u00eas menores dados como desaparecidos na Alemanha ap\u00f3s intercetar uma viatura que circulava com matr\u00edculas falsas no concelho de Pombal e cujo condutor foi detido.<\/p>\n<p>Em comunicado, o Comando Territorial de Leiria da GNR explicou que, numa a\u00e7\u00e3o, na segunda-feira, 4, para intercetar uma viatura que circulava com matr\u00edculas falsas, \u201cfoi poss\u00edvel apurar-se que, no interior do ve\u00edculo, para al\u00e9m do condutor de 18 anos, seguiam dois menores, um jovem de 13 anos e uma jovem de 15 anos, residentes na Alemanha e sinalizados como desaparecidos na Plataforma Schengen\u201d.<\/p>\n<p>Realizadas buscas ao ve\u00edculo e de seguran\u00e7a ao condutor e ocupantes, a GNR adiantou que <strong>o automobilista \u201cestava na posse de 360 doses de anfetaminas, n\u00e3o possu\u00eda habilita\u00e7\u00e3o legal para conduzir e que, sobre o mesmo, reca\u00eda a suspeita de furto de outros ve\u00edculos e moedeiros<\/strong> [m\u00e1quinas de pagamento onde s\u00e3o colocadas moedas] em estabelecimentos comerciais no distrito de Leiria\u201d, pelo que foi detido.<\/p>\n<p>Al\u00e9m das anfetaminas, a GNR apreendeu a viatura e duas chaves que pertencem a viaturas furtadas na \u00faltima semana, em Leiria e Pombal.<\/p>\n<p>\u00c0 ag\u00eancia Lusa, fonte da GNR explicou que <strong>o condutor do ve\u00edculo \u00e9 portugu\u00eas e irm\u00e3o da adolescente de 15 anos que seguia no carro e dada como desaparecida na Alemanha.<\/strong> Esta foi entregue a familiares residentes em Portugal.<\/p>\n<p><strong>Quanto ao outro menor, alem\u00e3o de 13 anos, n\u00e3o h\u00e1 rela\u00e7\u00e3o familiar com aqueles e aguarda numa institui\u00e7\u00e3o transitoriamente at\u00e9 estarem conclu\u00eddas as dilig\u00eancias para regressar ao pa\u00eds de origem.<\/strong><\/p>\n<p><strong>Estes dois menores estavam dados como desaparecidos h\u00e1 cerca de uma semana<\/strong>, revelou a mesma fonte.<\/p>\n<p><strong>Ainda no decurso das dilig\u00eancias policiais, foram tamb\u00e9m localizadas tr\u00eas pessoas, um jovem e uma jovem, ambos de 17 anos, e um homem de 39 anos, em Castelo Branco, sendo que a menor se encontrava tamb\u00e9m sinalizada como desaparecida na Plataforma Schengen.<\/strong><\/p>\n<p>A mesma fonte referiu que foram os ocupantes do carro que \u201cacabaram por dizer que existiam mais tr\u00eas pessoas, em Castelo Branco, que costumavam andar com eles\u201d.<\/p>\n<p>Destas tr\u00eas pessoas, todas alem\u00e3s, <strong>a jovem de 17 anos estava dada como desaparecida h\u00e1 cerca de duas semanas<\/strong>, aguardando igualmente numa institui\u00e7\u00e3o at\u00e9 regressar ao seu pa\u00eds.<\/p>\n<p>\u201cO que faziam ao certo ainda est\u00e1 por apurar, mas admite-se que, para poderem sobreviver, poder\u00e3o ter liga\u00e7\u00e3o ao cometimento de alguns de furtos\u201d, declarou a fonte da GNR, acrescentando que a investiga\u00e7\u00e3o vai prosseguir.<\/p>\n<p>O detido, suspeito de tr\u00e1fico de estupefacientes, condu\u00e7\u00e3o sem habilita\u00e7\u00e3o legal e furto de ve\u00edculo, vai ser presente esta quarta-feira a primeiro interrogat\u00f3rio judicial no Tribunal Judicial de Leiria.<\/p>\n<p>Esta a\u00e7\u00e3o contou com o refor\u00e7o do Comando Territorial de Castelo Branco.<\/p>\n","protected":false},"excerpt":{"rendered":"A Guarda Nacional Republicana (GNR) anunciou esta quarta-feira, 5 de novembro, ter localizado tr\u00eas menores dados como desaparecidos&hellip;\n","protected":false},"author":2,"featured_media":58920,"comment_status":"","ping_status":"","sticky":false,"template":"","format":"standard","meta":{"footnotes":""},"categories":[10],"tags":[27,28,31380,15,16,2002,14,25,26,21,22,31379,12,13,19,20,21712,32,23,24,33,17,18,29,30,31],"class_list":{"0":"post-141442","1":"post","2":"type-post","3":"status-publish","4":"format-standard","5":"has-post-thumbnail","7":"category-portugal","8":"tag-breaking-news","9":"tag-breakingnews","10":"tag-criancas-desaparecidas","11":"tag-featured-news","12":"tag-featurednews","13":"tag-gnr","14":"tag-headlines","15":"tag-latest-news","16":"tag-latestnews","17":"tag-main-news","18":"tag-mainnews","19":"tag-menores-em-risco","20":"tag-news","21":"tag-noticias","22":"tag-noticias-principais","23":"tag-noticiasprincipais","24":"tag-pombal","25":"tag-portugal","26":"tag-principais-noticias","27":"tag-principaisnoticias","28":"tag-pt","29":"tag-top-stories","30":"tag-topstories","31":"tag-ultimas","32":"tag-ultimas-noticias","33":"tag-ultimasnoticias"},"share_on_mastodon":{"url":"https:\/\/pubeurope.com\/@pt\/115501954683598691","error":""},"_links":{"self":[{"href":"https:\/\/www.europesays.com\/pt\/wp-json\/wp\/v2\/posts\/141442","targetHints":{"allow":["GET"]}}],"collection":[{"href":"https:\/\/www.europesays.com\/pt\/wp-json\/wp\/v2\/posts"}],"about":[{"href":"https:\/\/www.europesays.com\/pt\/wp-json\/wp\/v2\/types\/post"}],"author":[{"embeddable":true,"href":"https:\/\/www.europesays.com\/pt\/wp-json\/wp\/v2\/users\/2"}],"replies":[{"embeddable":true,"href":"https:\/\/www.europesays.com\/pt\/wp-json\/wp\/v2\/comments?post=141442"}],"version-history":[{"count":0,"href":"https:\/\/www.europesays.com\/pt\/wp-json\/wp\/v2\/posts\/141442\/revisions"}],"wp:featuredmedia":[{"embeddable":true,"href":"https:\/\/www.europesays.com\/pt\/wp-json\/wp\/v2\/media\/58920"}],"wp:attachment":[{"href":"https:\/\/www.europesays.com\/pt\/wp-json\/wp\/v2\/media?parent=141442"}],"wp:term":[{"taxonomy":"category","embeddable":true,"href":"https:\/\/www.europesays.com\/pt\/wp-json\/wp\/v2\/categories?post=141442"},{"taxonomy":"post_tag","embeddable":true,"href":"https:\/\/www.europesays.com\/pt\/wp-json\/wp\/v2\/tags?post=141442"}],"curies":[{"name":"wp","href":"https:\/\/api.w.org\/{rel}","templated":true}]}}