{"id":141445,"date":"2025-11-06T09:08:10","date_gmt":"2025-11-06T09:08:10","guid":{"rendered":"https:\/\/www.europesays.com\/pt\/141445\/"},"modified":"2025-11-06T09:08:10","modified_gmt":"2025-11-06T09:08:10","slug":"faz-se-de-vitima-marisa-susana-critica-ana-se-fosse-eu-a-ter-esse-discurso-secret-story","status":"publish","type":"post","link":"https:\/\/www.europesays.com\/pt\/141445\/","title":{"rendered":"Faz-se de \u00abv\u00edtima\u00bb? Marisa Susana critica Ana: \u00abSe fosse eu a ter esse discurso&#8230;\u00bb &#8211; Secret Story"},"content":{"rendered":"<p>No Secret Story 9, Ana desabafa com o grupo a dizer que se sente sozinha na casa e Marisa Susana garante que a colega se \u00abfaz de v\u00edtima\u00bb.\u00a0<\/p>\n<p><strong>H\u00e1 cinco nomeados em risco de sair j\u00e1 no pr\u00f3ximo domingo. VOTE PARA SALVAR:\u00a0<\/strong><\/p>\n<p>ANA CRISTINA \u2013 761 20 20 02<br \/>BRUNO \u2013 761 20 20 04<br \/>IN\u00caS \u2013 761 20 20 10<br \/>PEDRO \u2013 761 20 20 18<br \/>RAQUEL \u2013 761 20 20 22<\/p>\n<p><strong><a href=\"https:\/\/tvi.iol.pt\/secretstory\/aominuto\" rel=\"nofollow noopener\" target=\"_blank\">Acompanhe tudo o que se passa na casa mais vigiada do Pa\u00eds<\/a><\/strong><\/p>\n","protected":false},"excerpt":{"rendered":"No Secret Story 9, Ana desabafa com o grupo a dizer que se sente sozinha na casa e&hellip;\n","protected":false},"author":2,"featured_media":141446,"comment_status":"","ping_status":"","sticky":false,"template":"","format":"standard","meta":{"footnotes":""},"categories":[142],"tags":[6340,114,115,19033,19153,19034,32,33,151,19032],"class_list":{"0":"post-141445","1":"post","2":"type-post","3":"status-publish","4":"format-standard","5":"has-post-thumbnail","7":"category-tv","8":"tag-ana","9":"tag-entertainment","10":"tag-entretenimento","11":"tag-galas-em-video","12":"tag-marisa-susana","13":"tag-melhores-momentos-casa-dos-segredos","14":"tag-portugal","15":"tag-pt","16":"tag-tv","17":"tag-videos-secret-story-tvi"},"share_on_mastodon":{"url":"https:\/\/pubeurope.com\/@pt\/115501970386072989","error":""},"_links":{"self":[{"href":"https:\/\/www.europesays.com\/pt\/wp-json\/wp\/v2\/posts\/141445","targetHints":{"allow":["GET"]}}],"collection":[{"href":"https:\/\/www.europesays.com\/pt\/wp-json\/wp\/v2\/posts"}],"about":[{"href":"https:\/\/www.europesays.com\/pt\/wp-json\/wp\/v2\/types\/post"}],"author":[{"embeddable":true,"href":"https:\/\/www.europesays.com\/pt\/wp-json\/wp\/v2\/users\/2"}],"replies":[{"embeddable":true,"href":"https:\/\/www.europesays.com\/pt\/wp-json\/wp\/v2\/comments?post=141445"}],"version-history":[{"count":0,"href":"https:\/\/www.europesays.com\/pt\/wp-json\/wp\/v2\/posts\/141445\/revisions"}],"wp:featuredmedia":[{"embeddable":true,"href":"https:\/\/www.europesays.com\/pt\/wp-json\/wp\/v2\/media\/141446"}],"wp:attachment":[{"href":"https:\/\/www.europesays.com\/pt\/wp-json\/wp\/v2\/media?parent=141445"}],"wp:term":[{"taxonomy":"category","embeddable":true,"href":"https:\/\/www.europesays.com\/pt\/wp-json\/wp\/v2\/categories?post=141445"},{"taxonomy":"post_tag","embeddable":true,"href":"https:\/\/www.europesays.com\/pt\/wp-json\/wp\/v2\/tags?post=141445"}],"curies":[{"name":"wp","href":"https:\/\/api.w.org\/{rel}","templated":true}]}}