{"id":141453,"date":"2025-11-06T09:17:07","date_gmt":"2025-11-06T09:17:07","guid":{"rendered":"https:\/\/www.europesays.com\/pt\/141453\/"},"modified":"2025-11-06T09:17:07","modified_gmt":"2025-11-06T09:17:07","slug":"antigo-bispo-forcado-a-demitir-se-pelo-papa-devido-a-relacoes-com-mulheres","status":"publish","type":"post","link":"https:\/\/www.europesays.com\/pt\/141453\/","title":{"rendered":"Antigo bispo for\u00e7ado a demitir-se pelo Papa devido a rela\u00e7\u00f5es com mulheres"},"content":{"rendered":"<p data-remotead-prev-elm=\"true\" data-remotead-elm-id=\"inread\">O antigo bispo de Verdun, Jean-Paul Gusching, tinha anunciado a sua demiss\u00e3o no final de setembro alegando problemas de sa\u00fade, mas isso \u00e9 apenas &#8220;um elemento&#8221; da sua decis\u00e3o, afirma a nunciatura francesa, que assegura ter alertado o Vaticano ap\u00f3s receber informa\u00e7\u00f5es sobre as &#8220;rela\u00e7\u00f5es com mulheres&#8221; mantidas pelo bispo.<\/p>\n<p>O prelado comprometeu-se ent\u00e3o perante a Santa S\u00e9 a &#8220;evitar, no futuro, qualquer comportamento em rela\u00e7\u00e3o a mulheres que possa ser interpretado como contr\u00e1rio aos seus compromissos sacerdotais&#8221;, acrescenta a nunciatura, neste comunicado que constitui uma a\u00e7\u00e3o rara.<\/p>\n<p>Mas, &#8220;tendo em conta a persist\u00eancia da situa\u00e7\u00e3o, o Santo Padre solicitou e aceitou a sua demiss\u00e3o do governo da diocese de Verdun, que entrou em vigor a 27 de setembro passado&#8221;, acrescenta o comunicado.<\/p>\n<p data-remotead-prev-elm=\"true\" data-remotead-elm-id=\"centro1\">Estes elementos levaram \u00e0 &#8220;abertura de uma investiga\u00e7\u00e3o can\u00f3nica preliminar&#8221;, ainda em curso. &#8220;Um relat\u00f3rio foi tamb\u00e9m feito junto da justi\u00e7a civil&#8221;, acrescenta a nota, sem dar mais pormenores.<\/p>\n<p>Al\u00e9m disso, foi imposto ao bispo, &#8220;a t\u00edtulo de medidas cautelares&#8221;, uma vida retirada, &#8220;num local situado fora do seu bispado de origem, Amiens, e do de Verdun&#8221;, no leste de Fran\u00e7a. Deve tamb\u00e9m &#8220;abster-se de qualquer celebra\u00e7\u00e3o lit\u00fargica e atividade pastoral p\u00fablica&#8221;, acrescenta o texto.<\/p>\n","protected":false},"excerpt":{"rendered":"O antigo bispo de Verdun, Jean-Paul Gusching, tinha anunciado a sua demiss\u00e3o no final de setembro alegando problemas&hellip;\n","protected":false},"author":2,"featured_media":141454,"comment_status":"","ping_status":"","sticky":false,"template":"","format":"standard","meta":{"footnotes":""},"categories":[50],"tags":[27,28,15,16,14,25,26,21,22,62,12,13,19,20,811,23,24,17,18,29,30,31,5598,63,64,65],"class_list":{"0":"post-141453","1":"post","2":"type-post","3":"status-publish","4":"format-standard","5":"has-post-thumbnail","7":"category-mundo","8":"tag-breaking-news","9":"tag-breakingnews","10":"tag-featured-news","11":"tag-featurednews","12":"tag-headlines","13":"tag-latest-news","14":"tag-latestnews","15":"tag-main-news","16":"tag-mainnews","17":"tag-mundo","18":"tag-news","19":"tag-noticias","20":"tag-noticias-principais","21":"tag-noticiasprincipais","22":"tag-papa-leao-xiv","23":"tag-principais-noticias","24":"tag-principaisnoticias","25":"tag-top-stories","26":"tag-topstories","27":"tag-ultimas","28":"tag-ultimas-noticias","29":"tag-ultimasnoticias","30":"tag-vaticano","31":"tag-world","32":"tag-world-news","33":"tag-worldnews"},"share_on_mastodon":{"url":"https:\/\/pubeurope.com\/@pt\/115502005961232629","error":""},"_links":{"self":[{"href":"https:\/\/www.europesays.com\/pt\/wp-json\/wp\/v2\/posts\/141453","targetHints":{"allow":["GET"]}}],"collection":[{"href":"https:\/\/www.europesays.com\/pt\/wp-json\/wp\/v2\/posts"}],"about":[{"href":"https:\/\/www.europesays.com\/pt\/wp-json\/wp\/v2\/types\/post"}],"author":[{"embeddable":true,"href":"https:\/\/www.europesays.com\/pt\/wp-json\/wp\/v2\/users\/2"}],"replies":[{"embeddable":true,"href":"https:\/\/www.europesays.com\/pt\/wp-json\/wp\/v2\/comments?post=141453"}],"version-history":[{"count":0,"href":"https:\/\/www.europesays.com\/pt\/wp-json\/wp\/v2\/posts\/141453\/revisions"}],"wp:featuredmedia":[{"embeddable":true,"href":"https:\/\/www.europesays.com\/pt\/wp-json\/wp\/v2\/media\/141454"}],"wp:attachment":[{"href":"https:\/\/www.europesays.com\/pt\/wp-json\/wp\/v2\/media?parent=141453"}],"wp:term":[{"taxonomy":"category","embeddable":true,"href":"https:\/\/www.europesays.com\/pt\/wp-json\/wp\/v2\/categories?post=141453"},{"taxonomy":"post_tag","embeddable":true,"href":"https:\/\/www.europesays.com\/pt\/wp-json\/wp\/v2\/tags?post=141453"}],"curies":[{"name":"wp","href":"https:\/\/api.w.org\/{rel}","templated":true}]}}