{"id":141459,"date":"2025-11-06T09:23:08","date_gmt":"2025-11-06T09:23:08","guid":{"rendered":"https:\/\/www.europesays.com\/pt\/141459\/"},"modified":"2025-11-06T09:23:08","modified_gmt":"2025-11-06T09:23:08","slug":"terra-forte-empresa-de-marcus-provoca-problemas-de-saude-a-centenas-de-pessoas-novelas","status":"publish","type":"post","link":"https:\/\/www.europesays.com\/pt\/141459\/","title":{"rendered":"Terra Forte: Empresa de Marcus provoca problemas de sa\u00fade a centenas de pessoas &#8211; Novelas"},"content":{"rendered":"<p>\t\t\t\t<a target=\"_blank\" href=\"https:\/\/tvipass.iol.pt\/passatempo\/participe-e-ganhe-5-000\/019a3a91-32db-7720-aa8c-fbc136df4538\" rel=\"nofollow noopener\"><\/p>\n<p>Ganhe 5000\u20ac em cart\u00e3o!<\/p>\n<p>Participe na APP<\/p>\n<p>\t\t          <\/a><\/p>\n<p>Em \u00abTerra Forte\u00bb, Armando (Ricardo Carri\u00e7o) confirma a Marcus (Vitor Hugo) que v\u00e1rias pessoas ficaram doentes por causa das conservas dele, indo acabar com a empresa dele se a situa\u00e7\u00e3o piorar e morrerem pessoas.<\/p>\n","protected":false},"excerpt":{"rendered":"Ganhe 5000\u20ac em cart\u00e3o! Participe na APP Em \u00abTerra Forte\u00bb, Armando (Ricardo Carri\u00e7o) confirma a Marcus (Vitor Hugo)&hellip;\n","protected":false},"author":2,"featured_media":141460,"comment_status":"","ping_status":"","sticky":false,"template":"","format":"standard","meta":{"footnotes":""},"categories":[142],"tags":[160,166,114,115,157,167,164,2931,161,158,165,159,32,33,156,18614,163,151,162],"class_list":{"0":"post-141459","1":"post","2":"type-post","3":"status-publish","4":"format-standard","5":"has-post-thumbnail","7":"category-tv","8":"tag-ana-guiomar","9":"tag-cristina-ferreira","10":"tag-entertainment","11":"tag-entretenimento","12":"tag-festa-e-festa","13":"tag-ficcao","14":"tag-jose-fidalgo","15":"tag-novela","16":"tag-novelas","17":"tag-para-sempre","18":"tag-pedro-sousa","19":"tag-pedro-teixeira","20":"tag-portugal","21":"tag-pt","22":"tag-queridos-papas","23":"tag-terra-forte","24":"tag-tiago-teotonio-pereira","25":"tag-tv","26":"tag-tvi"},"share_on_mastodon":{"url":"https:\/\/pubeurope.com\/@pt\/115502029379365938","error":""},"_links":{"self":[{"href":"https:\/\/www.europesays.com\/pt\/wp-json\/wp\/v2\/posts\/141459","targetHints":{"allow":["GET"]}}],"collection":[{"href":"https:\/\/www.europesays.com\/pt\/wp-json\/wp\/v2\/posts"}],"about":[{"href":"https:\/\/www.europesays.com\/pt\/wp-json\/wp\/v2\/types\/post"}],"author":[{"embeddable":true,"href":"https:\/\/www.europesays.com\/pt\/wp-json\/wp\/v2\/users\/2"}],"replies":[{"embeddable":true,"href":"https:\/\/www.europesays.com\/pt\/wp-json\/wp\/v2\/comments?post=141459"}],"version-history":[{"count":0,"href":"https:\/\/www.europesays.com\/pt\/wp-json\/wp\/v2\/posts\/141459\/revisions"}],"wp:featuredmedia":[{"embeddable":true,"href":"https:\/\/www.europesays.com\/pt\/wp-json\/wp\/v2\/media\/141460"}],"wp:attachment":[{"href":"https:\/\/www.europesays.com\/pt\/wp-json\/wp\/v2\/media?parent=141459"}],"wp:term":[{"taxonomy":"category","embeddable":true,"href":"https:\/\/www.europesays.com\/pt\/wp-json\/wp\/v2\/categories?post=141459"},{"taxonomy":"post_tag","embeddable":true,"href":"https:\/\/www.europesays.com\/pt\/wp-json\/wp\/v2\/tags?post=141459"}],"curies":[{"name":"wp","href":"https:\/\/api.w.org\/{rel}","templated":true}]}}