{"id":141465,"date":"2025-11-06T09:30:53","date_gmt":"2025-11-06T09:30:53","guid":{"rendered":"https:\/\/www.europesays.com\/pt\/141465\/"},"modified":"2025-11-06T09:30:53","modified_gmt":"2025-11-06T09:30:53","slug":"programa-e-lar-reabre-a-2-de-dezembro-com-mais-52-milhoes-observador","status":"publish","type":"post","link":"https:\/\/www.europesays.com\/pt\/141465\/","title":{"rendered":"Programa E-lar reabre a 2 de dezembro com mais 52 milh\u00f5es \u2013 Observador"},"content":{"rendered":"<p>O programa E-Lar que distribuiu vouchers pelas fam\u00edlias para promover a troca de eletrodom\u00e9sticos a g\u00e1s por el\u00e9tricos vai ser refor\u00e7ado com mais <strong>51,6 milh\u00f5es de euros<\/strong> do Programa de Recupera\u00e7\u00e3o e Resili\u00eancia (PRR). O novo concurso vai ser aberto a <strong>2 de dezembro<\/strong>, seguindo as mesmas regras do programa que esgotou rapidamente quando foi lan\u00e7ado a 30 de setembro.<\/p>\n<p>A informa\u00e7\u00e3o foi avan\u00e7ada esta ter\u00e7a-feira pela ministra do Ambiente e Energia, Maria da Gra\u00e7a Carvalho\u00a0durante a discuss\u00e3o da proposta or\u00e7amental para o pr\u00f3ximo ano.<\/p>\n<p>O primeiro concurso esgotou em seis dias com a rece\u00e7\u00e3o de 40 mil candidaturas, tendo o refor\u00e7o de verba agora anunciado sido aprovado pela Comiss\u00e3o Europeia. No total, o programa ter\u00e1 cerca de 80 milh\u00f5es de euros.<\/p>\n<p>O E-Lar destina-se a melhorar o conforto t\u00e9rmico das habita\u00e7\u00f5es e apoiar fam\u00edlias na compra de equipamentos eficientes e na eletrifica\u00e7\u00e3o de consumos de energia. O programa destina-se tamb\u00e9m a incentivar a substitui\u00e7\u00e3o de equipamentos antigos por equipamentos novos de menor consumo e a acelerar a eletrifica\u00e7\u00e3o de consumos substituindo equipamentos a g\u00e1s por el\u00e9tricos.<\/p>\n<p>Leia tamb\u00e9m: <a href=\"\">Quem tem direito? E onde se compra? 12 respostas sobre o novo programa para substituir fog\u00f5es e esquentadores a g\u00e1s<\/a><\/p>\n<p>Este programa prev\u00ea um apoio m\u00e1ximo de 1.683 euros para as fam\u00edlias que beneficiam da tarifa social. Para as restantes o apoio \u00e9 de 1.100 euros.<\/p>\n<p>A sua execu\u00e7\u00e3o distingue-se de programas anteriores, uma vez que este financiamento \u00e9 dado \u00e0 cabe\u00e7a atrav\u00e9s de um voucher que pode ser usado nas muitas lojas aderentes \u00e0 iniciativa. O acesso ao voucher implica a inscri\u00e7\u00e3o no site do Fundo Ambiental e a valida\u00e7\u00e3o dos dados dos benefici\u00e1rios que assim j\u00e1 n\u00e3o precisam de avan\u00e7ar com a despesa e ficar meses (ou at\u00e9 mais de um ano) \u00e0 espera que a candidatura seja aprovada e o apoio pago.<\/p>\n<p>Em resposta aos deputados, a ministra do Ambiente indicou que no E-Lar, que no primeiro concurso teve 30 milh\u00f5es de euros, foram emitidos 21 mil vales, no valor de 17 milh\u00f5es, e j\u00e1 foram usados 4 mil vales de 3 milh\u00f5es de euros.<\/p>\n<p>O refor\u00e7o agora garantido para o E-Lar foi tamb\u00e9m com dinheiro que estava previsto para os Vales Efici\u00eancia, distribu\u00eddos a agregados em situa\u00e7\u00e3o de pobreza energ\u00e9tica. Na reprograma\u00e7\u00e3o do PRR, o Governo fez transitar dinheiro que iria para este programa para o E-Lar, porque n\u00e3o conseguiu entregar todos os vouchers previstos. Estava indicada no PRR a entrega de 40 mil vales, mas o Governo reduziu agora o objetivo para 18 mil, justificando-o com \u201ca fraca ades\u00e3o do mercado\u201d, com um impacto financeiro de 28,6 milh\u00f5es, segundo se l\u00ea na proposta de reprograma\u00e7\u00e3o.<\/p>\n<p>Maria da Gra\u00e7a Carvalho explicou, no Parlamento, que este programa \u201ccome\u00e7ou em 2021 e exige um facilitador para cada proposta e n\u00e3o existe. N\u00e3o conseguimos encontrar facilitadores\u201d. Foi pago um valor de 20 milh\u00f5es, tendo sido atribu\u00eddos 16 mil vales, mais 5 mil na segunda fase. \u201cQuando se fez a reprograma\u00e7\u00e3o do PRR, passou-se o restante deste programa para o E-Lar. N\u00e3o perdendo dinheiro, \u00e9 mais simples, n\u00e3o precisa de facilitador\u201d.<\/p>\n<p>Tamb\u00e9m no programa de apoio \u00e0 compra de botija de g\u00e1s, com um financiamento de 15 euros por botija, a ministra do Ambiente diz que se pretende \u201ctornar mais simples o programa\u201d, j\u00e1 que era necess\u00e1rio ser feito atrav\u00e9s das juntas de freguesia \u201co que tem complicado o sistema\u201d.<\/p>\n<p class=\"tinymceh1\"><strong>[H\u00e1 d\u00favidas at\u00e9 ao fim que acabam na vit\u00f3ria mais curta da Hist\u00f3ria.\u00a0A\u00a0<a href=\"https:\/\/observador.pt\/wp-admin\/post.php?post=7685876&amp;action=edit\" rel=\"nofollow noopener\" target=\"_blank\">\u201cElei\u00e7\u00e3o Mais Louca de Sempre\u201d<\/a>\u00a0\u00e9 o novo Podcast Plus do Observador sobre as Presidenciais de 1986. Uma s\u00e9rie narrada pelo ator Gon\u00e7alo Waddington, com banda sonora original de Samuel \u00daria. Pode ouvir o \u00faltimo epis\u00f3dio\u00a0<a href=\"https:\/\/observador.pt\/programas\/a-eleio-mais-louca-de-sempre\/episodio-6-a-vitoria-mais-curta-da-historia\/\" rel=\"nofollow noopener\" target=\"_blank\">aqui<\/a>, no\u00a0Observador, e tamb\u00e9m na\u00a0<a href=\"https:\/\/podcasts.apple.com\/pt\/podcast\/epis%C3%B3dio-6-a-vit%C3%B3ria-mais-curta-da-hist%C3%B3ria\/id1841273464?i=1000735108841\" rel=\"nofollow noopener\" target=\"_blank\">Apple Podcasts<\/a>, no\u00a0<a href=\"https:\/\/open.spotify.com\/episode\/01P6DWg39vDsqRDF9hHto6?si=32fb673d4e6f476f\" rel=\"nofollow noopener\" target=\"_blank\">Spotify<\/a>\u00a0e no\u00a0<a href=\"https:\/\/music.youtube.com\/watch?v=tC9N52JuIbI&amp;si=yDUA94GtcmbZxfYl\" rel=\"nofollow noopener\" target=\"_blank\">Youtube Music<\/a>. E pode ouvir o primeiro epis\u00f3dio\u00a0<a href=\"https:\/\/observador.pt\/programas\/a-eleio-mais-louca-de-sempre\/estreia-a-eleicao-mais-louca-de-sempre-episodio-1-apostamos-no-cavalo-errado\/\" target=\"_blank\" rel=\"noopener nofollow\">aqui<\/a>,\u00a0o segundo\u00a0<a href=\"https:\/\/observador.pt\/programas\/a-eleio-mais-louca-de-sempre\/episodio-2-uma-traicao-inesperada\/\" target=\"_blank\" rel=\"noopener nofollow\">aqui<\/a>,\u00a0o terceiro\u00a0<a href=\"https:\/\/observador.pt\/programas\/a-eleio-mais-louca-de-sempre\/episodio-3-ele-nao-e-meu-irmao\/\" rel=\"nofollow noopener\" target=\"_blank\">aqui<\/a>, o\u00a0<a href=\"https:\/\/observador.pt\/programas\/a-eleio-mais-louca-de-sempre\/episodio-4-portugal-nao-e-moscovo\/\" rel=\"nofollow noopener\" target=\"_blank\">quarto<\/a>\u00a0aqui e o\u00a0<a href=\"https:\/\/observador.pt\/programas\/a-eleio-mais-louca-de-sempre\/episodio-5-uma-armadilha-em-direto\/\" rel=\"nofollow noopener\" target=\"_blank\">quinto\u00a0<\/a>aqui]<\/strong><\/p>\n<p><a href=\"https:\/\/observador.pt\/programas\/a-eleio-mais-louca-de-sempre\/episodio-6-a-vitoria-mais-curta-da-historia\/\" rel=\"nofollow noopener\" target=\"_blank\"><\/p>\n<p>        <img src=\"https:\/\/www.europesays.com\/pt\/wp-content\/uploads\/2025\/10\/1761878958_488_770-a-eleicao-mais-louca-de-sempre-playicon.png\" alt=\"\" loading=\"lazy\" decoding=\"async\" class=\"alignnone\" onload=\"this.parentElement.classList.remove('spinner')\" onerror=\"this.parentElement.classList.remove('spinner')\" width=\"770\" height=\"433\"\/>    <\/p>\n<p><\/a><\/p>\n","protected":false},"excerpt":{"rendered":"O programa E-Lar que distribuiu vouchers pelas fam\u00edlias para promover a troca de eletrodom\u00e9sticos a g\u00e1s por el\u00e9tricos&hellip;\n","protected":false},"author":2,"featured_media":141466,"comment_status":"","ping_status":"","sticky":false,"template":"","format":"standard","meta":{"footnotes":""},"categories":[83],"tags":[11509,964,88,442,2271,4212,476,89,3118,90,2270,32,33],"class_list":{"0":"post-141465","1":"post","2":"type-post","3":"status-publish","4":"format-standard","5":"has-post-thumbnail","7":"category-empresas","8":"tag-alterau00e7u00f5es-climu00e1ticas","9":"tag-ambiente","10":"tag-business","11":"tag-ciu00eancia","12":"tag-clima","13":"tag-consumo","14":"tag-economia","15":"tag-economy","16":"tag-eletricidade","17":"tag-empresas","18":"tag-energia","19":"tag-portugal","20":"tag-pt"},"share_on_mastodon":{"url":"https:\/\/pubeurope.com\/@pt\/115502060983349263","error":""},"_links":{"self":[{"href":"https:\/\/www.europesays.com\/pt\/wp-json\/wp\/v2\/posts\/141465","targetHints":{"allow":["GET"]}}],"collection":[{"href":"https:\/\/www.europesays.com\/pt\/wp-json\/wp\/v2\/posts"}],"about":[{"href":"https:\/\/www.europesays.com\/pt\/wp-json\/wp\/v2\/types\/post"}],"author":[{"embeddable":true,"href":"https:\/\/www.europesays.com\/pt\/wp-json\/wp\/v2\/users\/2"}],"replies":[{"embeddable":true,"href":"https:\/\/www.europesays.com\/pt\/wp-json\/wp\/v2\/comments?post=141465"}],"version-history":[{"count":0,"href":"https:\/\/www.europesays.com\/pt\/wp-json\/wp\/v2\/posts\/141465\/revisions"}],"wp:featuredmedia":[{"embeddable":true,"href":"https:\/\/www.europesays.com\/pt\/wp-json\/wp\/v2\/media\/141466"}],"wp:attachment":[{"href":"https:\/\/www.europesays.com\/pt\/wp-json\/wp\/v2\/media?parent=141465"}],"wp:term":[{"taxonomy":"category","embeddable":true,"href":"https:\/\/www.europesays.com\/pt\/wp-json\/wp\/v2\/categories?post=141465"},{"taxonomy":"post_tag","embeddable":true,"href":"https:\/\/www.europesays.com\/pt\/wp-json\/wp\/v2\/tags?post=141465"}],"curies":[{"name":"wp","href":"https:\/\/api.w.org\/{rel}","templated":true}]}}