{"id":141469,"date":"2025-11-06T09:33:25","date_gmt":"2025-11-06T09:33:25","guid":{"rendered":"https:\/\/www.europesays.com\/pt\/141469\/"},"modified":"2025-11-06T09:33:25","modified_gmt":"2025-11-06T09:33:25","slug":"influenciadora-conhecida-por-barbie-humana-encontrada-morta-em-sao-paulo","status":"publish","type":"post","link":"https:\/\/www.europesays.com\/pt\/141469\/","title":{"rendered":"Influenciadora conhecida por &#8220;Barbie Humana&#8221; encontrada morta em S\u00e3o Paulo"},"content":{"rendered":"<p data-remotead-prev-elm=\"true\" data-remotead-elm-id=\"inread\">A influenciadora digital de 31 anos B\u00e1rbara Jankavski Marquez, mais conhecida nas redes sociais por &#8220;Barbie humana&#8221; ou &#8220;Boneca desumana&#8221;, foi encontrada morta na sua casa, em S\u00e3o Paulo, Brasil, no domingo, 2 de novembro.<\/p>\n<p>De acordo com a informa\u00e7\u00e3o veiculada pelos meios de comunica\u00e7\u00e3o social brasileiros, a morte est\u00e1 a ser investigada pelo 7\u00ba Distrito Policial. &#8220;A equipa da unidade est\u00e1 a recolher depoimentos e a analisar documentos, registos e imagens&#8221;, refere nota enviada pela Secretaria da Seguran\u00e7a P\u00fablica de S\u00e3o Paulo e citada pelo jornal brasileiro O Estad\u00e3o.<\/p>\n<p>B\u00e1rbara tornou-se c\u00e9lebre por mostrar nas suas redes sociais a sua rotina e o seu percurso cl\u00ednico uma vez que se submeteu a 27 procedimentos est\u00e9ticos, tudo diante dos olhos de 400 mil seguidores no Instagram e com v\u00eddeos no TikTok que chegaram \u00e0s sete milh\u00f5es de visualiza\u00e7\u00f5es.<\/p>\n<p>Segundo est\u00e1 a ser avan\u00e7ado pela CNN Brasil, que cita fontes da Pol\u00edcia Militar (PM) que foram contactos ap\u00f3s atender uma ocorr\u00eancia, um homem relatou ter passado a noite com ela ap\u00f3s ter contratado &#8220;servi\u00e7os sexuais&#8221;, tendo alegadamente ambos consumido subst\u00e2ncia il\u00edcitas. B\u00e1rbara, de acordo com o relato, ter\u00e1 adormecido e n\u00e3o ter\u00e1 acordado mais. O corpo, ainda segundo a PM citada pela CNN Brasil, apresentava uma les\u00e3o no olho esquerdo e marcas nas costas.<\/p>\n","protected":false},"excerpt":{"rendered":"A influenciadora digital de 31 anos B\u00e1rbara Jankavski Marquez, mais conhecida nas redes sociais por &#8220;Barbie humana&#8221; ou&hellip;\n","protected":false},"author":2,"featured_media":141470,"comment_status":"","ping_status":"","sticky":false,"template":"","format":"standard","meta":{"footnotes":""},"categories":[8],"tags":[4507,726,27,28,20491,15,16,14,25,26,21,22,1437,3968,12,13,19,20,32,23,24,33,17,18,29,30,31],"class_list":{"0":"post-141469","1":"post","2":"type-post","3":"status-publish","4":"format-standard","5":"has-post-thumbnail","7":"category-principais-noticias","8":"tag-barbie","9":"tag-brasil","10":"tag-breaking-news","11":"tag-breakingnews","12":"tag-delas","13":"tag-featured-news","14":"tag-featurednews","15":"tag-headlines","16":"tag-latest-news","17":"tag-latestnews","18":"tag-main-news","19":"tag-mainnews","20":"tag-morte","21":"tag-mulher","22":"tag-news","23":"tag-noticias","24":"tag-noticias-principais","25":"tag-noticiasprincipais","26":"tag-portugal","27":"tag-principais-noticias","28":"tag-principaisnoticias","29":"tag-pt","30":"tag-top-stories","31":"tag-topstories","32":"tag-ultimas","33":"tag-ultimas-noticias","34":"tag-ultimasnoticias"},"share_on_mastodon":{"url":"https:\/\/pubeurope.com\/@pt\/115502068958133869","error":""},"_links":{"self":[{"href":"https:\/\/www.europesays.com\/pt\/wp-json\/wp\/v2\/posts\/141469","targetHints":{"allow":["GET"]}}],"collection":[{"href":"https:\/\/www.europesays.com\/pt\/wp-json\/wp\/v2\/posts"}],"about":[{"href":"https:\/\/www.europesays.com\/pt\/wp-json\/wp\/v2\/types\/post"}],"author":[{"embeddable":true,"href":"https:\/\/www.europesays.com\/pt\/wp-json\/wp\/v2\/users\/2"}],"replies":[{"embeddable":true,"href":"https:\/\/www.europesays.com\/pt\/wp-json\/wp\/v2\/comments?post=141469"}],"version-history":[{"count":0,"href":"https:\/\/www.europesays.com\/pt\/wp-json\/wp\/v2\/posts\/141469\/revisions"}],"wp:featuredmedia":[{"embeddable":true,"href":"https:\/\/www.europesays.com\/pt\/wp-json\/wp\/v2\/media\/141470"}],"wp:attachment":[{"href":"https:\/\/www.europesays.com\/pt\/wp-json\/wp\/v2\/media?parent=141469"}],"wp:term":[{"taxonomy":"category","embeddable":true,"href":"https:\/\/www.europesays.com\/pt\/wp-json\/wp\/v2\/categories?post=141469"},{"taxonomy":"post_tag","embeddable":true,"href":"https:\/\/www.europesays.com\/pt\/wp-json\/wp\/v2\/tags?post=141469"}],"curies":[{"name":"wp","href":"https:\/\/api.w.org\/{rel}","templated":true}]}}