{"id":141473,"date":"2025-11-06T09:37:08","date_gmt":"2025-11-06T09:37:08","guid":{"rendered":"https:\/\/www.europesays.com\/pt\/141473\/"},"modified":"2025-11-06T09:37:08","modified_gmt":"2025-11-06T09:37:08","slug":"bomba-em-terra-forte-dudu-e-dani-nao-sao-filhos-de-sammy-mas-sabemos-quem-e-o-pai-novelas","status":"publish","type":"post","link":"https:\/\/www.europesays.com\/pt\/141473\/","title":{"rendered":"Bomba em \u00abTerra Forte\u00bb: Dudu e Dani n\u00e3o s\u00e3o filhos de Sammy. Mas, sabemos quem \u00e9 o pai &#8211; Novelas"},"content":{"rendered":"<p>Em \u00abTerra Forte\u00bb, FLASHBACK IN\u00c9DITO 2007: <a href=\"https:\/\/tvi.iol.pt\/novelas\/videos\/terra-forte-maria-de-fatima-e-manuel-tinham-um-caso\/68f65cdc0cf29d28d82976cb\" rel=\"nofollow noopener\" target=\"_blank\">Maria de F\u00e1tima (Rita Pereira)<\/a> discute furiosa com <a href=\"https:\/\/tvi.iol.pt\/novelas\/videos\/terra-forte-manuel-tira-toda-a-fortuna-alvaro\/68f61d3d0cf285ab53a6aafc\" rel=\"nofollow noopener\" target=\"_blank\">Manuel (Ant\u00f3nio Capelo)<\/a>\u00a0por s\u00f3 agora ele lhe estar a revelar que pretende que os filhos deles herdem tudo quando atingirem a maioridade, dizendo que se soubesse nunca teria acordado engravidar dele por insemina\u00e7\u00e3o artificial. Manuel diz-lhe que se devia dar por contente por ele lhe ter proporcionado uma vida melhor.<\/p>\n<p>Maria de F\u00e1tima conta irritada a <a href=\"https:\/\/tvi.iol.pt\/novelas\/videos\/terra-forte-maria-de-fatima-e-cobra-sao-cumplices-em-varios-crimes\/6900dcc00cf29d28d82991f2\" rel=\"nofollow noopener\" target=\"_blank\">Cobra (Ricardo Burgos)<\/a>\u00a0que Manuel a enganou e pretende que os filhos dela herdem a sua fortuna quando atingirem a maioridade. Cobra refere que felizmente Manuel nunca ir\u00e1 descobrir que eles s\u00e3o sim seus filhos. Maria de F\u00e1tima defende-se a Cobra que foi obrigada por Manuel a casar com <a href=\"https:\/\/tvi.iol.pt\/novelas\/videos\/terra-forte-sammy-fica-sem-chao-ao-descobrir-que-flor-e-a-mae-de-rosinha\/68f7b83e0cf29d28d8297a75\" rel=\"nofollow noopener\" target=\"_blank\">Sammy (Jos\u00e9 Fidalgo)<\/a>\u00a0para pacificar o conflito entre as fam\u00edlias.<\/p>\n<p>Recorde-se que Maria de F\u00e1tima e Manuel tinham um caso:<\/p>\n","protected":false},"excerpt":{"rendered":"Em \u00abTerra Forte\u00bb, FLASHBACK IN\u00c9DITO 2007: Maria de F\u00e1tima (Rita Pereira) discute furiosa com Manuel (Ant\u00f3nio Capelo)\u00a0por s\u00f3&hellip;\n","protected":false},"author":2,"featured_media":141474,"comment_status":"","ping_status":"","sticky":false,"template":"","format":"standard","meta":{"footnotes":""},"categories":[142],"tags":[160,27279,12623,166,114,115,157,167,164,24821,8598,161,158,165,159,32,33,156,31381,5871,18614,163,151,162],"class_list":{"0":"post-141473","1":"post","2":"type-post","3":"status-publish","4":"format-standard","5":"has-post-thumbnail","7":"category-tv","8":"tag-ana-guiomar","9":"tag-antonio-capelo","10":"tag-cobra","11":"tag-cristina-ferreira","12":"tag-entertainment","13":"tag-entretenimento","14":"tag-festa-e-festa","15":"tag-ficcao","16":"tag-jose-fidalgo","17":"tag-manuel","18":"tag-maria-de-fatima","19":"tag-novelas","20":"tag-para-sempre","21":"tag-pedro-sousa","22":"tag-pedro-teixeira","23":"tag-portugal","24":"tag-pt","25":"tag-queridos-papas","26":"tag-ricardo-burgos","27":"tag-rita-pereira","28":"tag-terra-forte","29":"tag-tiago-teotonio-pereira","30":"tag-tv","31":"tag-tvi"},"share_on_mastodon":{"url":"https:\/\/pubeurope.com\/@pt\/115502084423772117","error":""},"_links":{"self":[{"href":"https:\/\/www.europesays.com\/pt\/wp-json\/wp\/v2\/posts\/141473","targetHints":{"allow":["GET"]}}],"collection":[{"href":"https:\/\/www.europesays.com\/pt\/wp-json\/wp\/v2\/posts"}],"about":[{"href":"https:\/\/www.europesays.com\/pt\/wp-json\/wp\/v2\/types\/post"}],"author":[{"embeddable":true,"href":"https:\/\/www.europesays.com\/pt\/wp-json\/wp\/v2\/users\/2"}],"replies":[{"embeddable":true,"href":"https:\/\/www.europesays.com\/pt\/wp-json\/wp\/v2\/comments?post=141473"}],"version-history":[{"count":0,"href":"https:\/\/www.europesays.com\/pt\/wp-json\/wp\/v2\/posts\/141473\/revisions"}],"wp:featuredmedia":[{"embeddable":true,"href":"https:\/\/www.europesays.com\/pt\/wp-json\/wp\/v2\/media\/141474"}],"wp:attachment":[{"href":"https:\/\/www.europesays.com\/pt\/wp-json\/wp\/v2\/media?parent=141473"}],"wp:term":[{"taxonomy":"category","embeddable":true,"href":"https:\/\/www.europesays.com\/pt\/wp-json\/wp\/v2\/categories?post=141473"},{"taxonomy":"post_tag","embeddable":true,"href":"https:\/\/www.europesays.com\/pt\/wp-json\/wp\/v2\/tags?post=141473"}],"curies":[{"name":"wp","href":"https:\/\/api.w.org\/{rel}","templated":true}]}}