{"id":141475,"date":"2025-11-06T09:40:07","date_gmt":"2025-11-06T09:40:07","guid":{"rendered":"https:\/\/www.europesays.com\/pt\/141475\/"},"modified":"2025-11-06T09:40:07","modified_gmt":"2025-11-06T09:40:07","slug":"champions-chega-a-metade-benfica-e-ajax-sem-pontos-bayern-inter-e-arsenal-invictos","status":"publish","type":"post","link":"https:\/\/www.europesays.com\/pt\/141475\/","title":{"rendered":"Champions chega \u00e0 metade: Benfica e Ajax sem pontos, Bayern, Inter e Arsenal invictos"},"content":{"rendered":"<p style=\"margin-bottom:11px\">A meio caminho da fase liga da Champions, apenas Benfica e Ajax ainda n\u00e3o pontuaram. Os neerlandeses s\u00e3o o pior ataque, com um golo marcado, e a pior defesa, com 14 golos sofridos. No que diz respeito \u00e0 produ\u00e7\u00e3o ofensiva, o Benfica n\u00e3o est\u00e1 muito melhor, uma vez que apenas marcou dois golos, tal como Olympiakos, Kairat Almaty, Villarreal, Slavia Praga e Pafos.<\/p>\n<blockquote class=\"twitter-tweet\">\n<p lang=\"en\">Halfway through the league phase \u2705<a href=\"https:\/\/twitter.com\/hashtag\/UCL?src=hash&amp;ref_src=twsrc%5Etfw\" rel=\"nofollow noopener\" target=\"_blank\">#UCL<\/a> <a href=\"https:\/\/t.co\/2mq9nOVtpE\" rel=\"nofollow\">pic.twitter.com\/2mq9nOVtpE<\/a><\/p>\n<p> \u2014 UEFA Champions League (@ChampionsLeague)<br \/>\n  <a href=\"https:\/\/twitter.com\/ChampionsLeague\/status\/1986211750744658155?ref_src=twsrc%5Etfw\" rel=\"nofollow noopener\" target=\"_blank\">November 5, 2025<\/a>\n <\/p><\/blockquote>\n<p>Ainda que Jos\u00e9 Mourinho continue a acreditar no apuramento para o play-off \u2013 zona a quatro pontos \u2013 as <a href=\"https:\/\/maisfutebol.iol.pt\/benfica\/jogos\/1575\" rel=\"nofollow noopener\" target=\"_blank\">\u00e1guias visitam o Ajax (36.\u00ba e \u00faltimo) a 25 de novembro<\/a> (17h45). Em dezembro h\u00e1 rece\u00e7\u00e3o ao N\u00e1poles (24.\u00ba) e em janeiro h\u00e1 visita \u00e0 Juventus (26.\u00ba) e rece\u00e7\u00e3o ao Real Madrid (7.\u00ba).<\/p>\n<p>Ao cabo de quatro rondas, o Benfica perdeu nas visitas a Newcastle e Chelsea, e na rece\u00e7\u00e3o a Qarabag e Bayer Leverkusen.<\/p>\n<p>Quanto ao Sporting, os bicampe\u00f5es nacionais venceram em Alvalade ante Kairat e Marselha, perderam em N\u00e1poles e empataram na visita \u00e0 Juventus, pelo que ocupam o 13.\u00ba lugar, com sete pontos, igualados com Atalanta, Qarabag, Dortmund, Chelsea e Barcelona.<\/p>\n<p>Em suma, os le\u00f5es est\u00e3o a dois pontos dos lugares de apuramento direto para os \u201coitavos\u201d, algo reservado para os oito melhores classificados desta fase liga. No <a href=\"https:\/\/maisfutebol.iol.pt\/sporting\/jogos\/1576\" rel=\"nofollow noopener\" target=\"_blank\">calend\u00e1rio da turma de Rui Borges segue-se a rece\u00e7\u00e3o ao Brugge a 26 de novembro<\/a> (20h). Em dezembro h\u00e1 visita ao Bayern Munique (1.\u00ba). Por fim, em janeiro, h\u00e1 rece\u00e7\u00e3o ao PSG (5.\u00ba) e visita ao Ath. Bilbao (27.\u00ba).<\/p>\n<p>Ao cabo de quatro rondas, <a href=\"https:\/\/maisfutebol.iol.pt\/resultadoseclassificacoes\/316\/109\/Europa\/Liga-dos-Campeoes\" rel=\"nofollow noopener\" target=\"_blank\">Galatasaray (9.\u00ba), Qarabag (15.\u00ba) e Pafos (20.\u00ba) \u2013 com nove, sete e cinco pontos, respetivamente \u2013 s\u00e3o as principais surpresas<\/a>. O tricampe\u00e3o turco ostenta o melhor marcador da prova, uma vez que Victor Osimhen leva seis golos, um de vantagem sobre Mbapp\u00e9, Kane e Haaland.<\/p>\n<p>Por fim, apenas Bayern Munique, Inter Mil\u00e3o e Arsenal levam quatro vit\u00f3rias. Al\u00e9m disso, os londrinos s\u00e3o a melhor defesa, sem qualquer golo sofrido, enquanto Bayern e PSG registam os melhores ataques, com 14 golos. Na quinta ronda, a 26 de novembro, h\u00e1 Arsenal-Bayern Munique.<\/p>\n<p>                                <script async src=\"https:\/\/platform.twitter.com\/widgets.js\" charset=\"utf-8\"><\/script><\/p>\n","protected":false},"excerpt":{"rendered":"A meio caminho da fase liga da Champions, apenas Benfica e Ajax ainda n\u00e3o pontuaram. Os neerlandeses s\u00e3o&hellip;\n","protected":false},"author":2,"featured_media":141476,"comment_status":"","ping_status":"","sticky":false,"template":"","format":"standard","meta":{"footnotes":""},"categories":[87],"tags":[1069,707,2438,51,12366,5043,135,1399,3015,7915,82,36,7706,1003,46,31382,32,33,47,11703,34,134,2697],"class_list":{"0":"post-141475","1":"post","2":"type-post","3":"status-publish","4":"format-standard","5":"has-post-thumbnail","7":"category-desporto","8":"tag-ajax","9":"tag-arsenal","10":"tag-bayern-munique","11":"tag-benfica","12":"tag-brugge","13":"tag-champions","14":"tag-desporto","15":"tag-galatasaray","16":"tag-inter","17":"tag-inter-milao","18":"tag-internacional","19":"tag-liga","20":"tag-liga-campeoes","21":"tag-liga-dos-campeoes","22":"tag-maisfutebol","23":"tag-pafos","24":"tag-portugal","25":"tag-pt","26":"tag-pura-paixao","27":"tag-qarabag","28":"tag-sporting","29":"tag-sports","30":"tag-uefa"},"share_on_mastodon":{"url":"https:\/\/pubeurope.com\/@pt\/115502096401026908","error":""},"_links":{"self":[{"href":"https:\/\/www.europesays.com\/pt\/wp-json\/wp\/v2\/posts\/141475","targetHints":{"allow":["GET"]}}],"collection":[{"href":"https:\/\/www.europesays.com\/pt\/wp-json\/wp\/v2\/posts"}],"about":[{"href":"https:\/\/www.europesays.com\/pt\/wp-json\/wp\/v2\/types\/post"}],"author":[{"embeddable":true,"href":"https:\/\/www.europesays.com\/pt\/wp-json\/wp\/v2\/users\/2"}],"replies":[{"embeddable":true,"href":"https:\/\/www.europesays.com\/pt\/wp-json\/wp\/v2\/comments?post=141475"}],"version-history":[{"count":0,"href":"https:\/\/www.europesays.com\/pt\/wp-json\/wp\/v2\/posts\/141475\/revisions"}],"wp:featuredmedia":[{"embeddable":true,"href":"https:\/\/www.europesays.com\/pt\/wp-json\/wp\/v2\/media\/141476"}],"wp:attachment":[{"href":"https:\/\/www.europesays.com\/pt\/wp-json\/wp\/v2\/media?parent=141475"}],"wp:term":[{"taxonomy":"category","embeddable":true,"href":"https:\/\/www.europesays.com\/pt\/wp-json\/wp\/v2\/categories?post=141475"},{"taxonomy":"post_tag","embeddable":true,"href":"https:\/\/www.europesays.com\/pt\/wp-json\/wp\/v2\/tags?post=141475"}],"curies":[{"name":"wp","href":"https:\/\/api.w.org\/{rel}","templated":true}]}}