{"id":141479,"date":"2025-11-06T09:44:22","date_gmt":"2025-11-06T09:44:22","guid":{"rendered":"https:\/\/www.europesays.com\/pt\/141479\/"},"modified":"2025-11-06T09:44:22","modified_gmt":"2025-11-06T09:44:22","slug":"rangel-se-portugal-tiver-tres-salazares-serao-quatro-ou-cinco-milhoes-a-deixar-o-pais","status":"publish","type":"post","link":"https:\/\/www.europesays.com\/pt\/141479\/","title":{"rendered":"Rangel: Se Portugal tiver &#8220;tr\u00eas Salazares&#8221; ser\u00e3o quatro ou cinco milh\u00f5es a deixar o pa\u00eds"},"content":{"rendered":"<p data-remotead-prev-elm=\"true\" data-remotead-elm-id=\"inread\">&#8220;Se tivermos tr\u00eas Salazares v\u00e3o sair uns quatro ou cinco milh\u00f5es de portugueses, porque no tempo de Salazar foi quando mais gente saiu. Talvez fosse de meditar nisto&#8221;, disse Paulo Rangel aos deputados das comiss\u00f5es de Or\u00e7amento, Finan\u00e7as e Administra\u00e7\u00e3o P\u00fablica, dos Neg\u00f3cios Estrangeiros e Comunidades Portuguesas e dos Assuntos Europeus, na audi\u00e7\u00e3o conjunta sobre o Or\u00e7amento do Estado para 2026.<\/p>\n<p>Em resposta \u00e0s 30 perguntas formuladas pelos deputados na terceira ronda da audi\u00e7\u00e3o, maioritariamente sobre as comunidades portuguesas, Rangel ironizou com os &#8220;tr\u00eas Salazares&#8221; defendidos pelo l\u00edder do Chega, Andr\u00e9 Ventura.<\/p>\n<p>Rangel encaminhou a pretens\u00e3o do voto eletr\u00f3nico, apontada por alguns deputados, para a Assembleia da Rep\u00fablica, \u00e0 qual cabe a altera\u00e7\u00e3o da Lei Eleitoral, necess\u00e1ria para esta op\u00e7\u00e3o ser poss\u00edvel.<\/p>\n<p data-remotead-prev-elm=\"true\" data-remotead-elm-id=\"centro1\">Sobre o tema das elei\u00e7\u00f5es, o secret\u00e1rio de Estado das Comunidades Portuguesas, Em\u00eddio Sousa, enalteceu o &#8220;empenho tremendo&#8221; da diplomacia portuguesa para que as coisas corram bem.<\/p>\n<p>Anunciou que o Governo vai fazer uma &#8220;campanha muito forte&#8221; no sentido de mobilizar os portugueses no estrangeiro a se recensearem para as elei\u00e7\u00f5es presidenciais, devendo faz\u00ea-lo at\u00e9 18 de novembro.<\/p>\n<p>E sobre o Voltar, o novo programa de apoio ao regresso dos emigrantes portugueses, apresentado pelo Governo para substituir o atual Regressar, Paulo Rangel disse que ser\u00e1 &#8220;mais abrangente&#8221;, estando o mesmo numa fase j\u00e1 adiantada de elabora\u00e7\u00e3o. A novidade, entre outras, dever\u00e1 passar pela inclus\u00e3o de alguns reformados nestes apoios.<\/p>\n","protected":false},"excerpt":{"rendered":"&#8220;Se tivermos tr\u00eas Salazares v\u00e3o sair uns quatro ou cinco milh\u00f5es de portugueses, porque no tempo de Salazar&hellip;\n","protected":false},"author":2,"featured_media":141480,"comment_status":"","ping_status":"","sticky":false,"template":"","format":"standard","meta":{"footnotes":""},"categories":[83],"tags":[88,89,11206,90,619,18658,638,32,33],"class_list":{"0":"post-141479","1":"post","2":"type-post","3":"status-publish","4":"format-standard","5":"has-post-thumbnail","7":"category-empresas","8":"tag-business","9":"tag-economy","10":"tag-emigrantes","11":"tag-empresas","12":"tag-nacional","13":"tag-oe2026","14":"tag-paulo-rangel","15":"tag-portugal","16":"tag-pt"},"share_on_mastodon":{"url":"https:\/\/pubeurope.com\/@pt\/115502112107625718","error":""},"_links":{"self":[{"href":"https:\/\/www.europesays.com\/pt\/wp-json\/wp\/v2\/posts\/141479","targetHints":{"allow":["GET"]}}],"collection":[{"href":"https:\/\/www.europesays.com\/pt\/wp-json\/wp\/v2\/posts"}],"about":[{"href":"https:\/\/www.europesays.com\/pt\/wp-json\/wp\/v2\/types\/post"}],"author":[{"embeddable":true,"href":"https:\/\/www.europesays.com\/pt\/wp-json\/wp\/v2\/users\/2"}],"replies":[{"embeddable":true,"href":"https:\/\/www.europesays.com\/pt\/wp-json\/wp\/v2\/comments?post=141479"}],"version-history":[{"count":0,"href":"https:\/\/www.europesays.com\/pt\/wp-json\/wp\/v2\/posts\/141479\/revisions"}],"wp:featuredmedia":[{"embeddable":true,"href":"https:\/\/www.europesays.com\/pt\/wp-json\/wp\/v2\/media\/141480"}],"wp:attachment":[{"href":"https:\/\/www.europesays.com\/pt\/wp-json\/wp\/v2\/media?parent=141479"}],"wp:term":[{"taxonomy":"category","embeddable":true,"href":"https:\/\/www.europesays.com\/pt\/wp-json\/wp\/v2\/categories?post=141479"},{"taxonomy":"post_tag","embeddable":true,"href":"https:\/\/www.europesays.com\/pt\/wp-json\/wp\/v2\/tags?post=141479"}],"curies":[{"name":"wp","href":"https:\/\/api.w.org\/{rel}","templated":true}]}}