{"id":141483,"date":"2025-11-06T09:49:10","date_gmt":"2025-11-06T09:49:10","guid":{"rendered":"https:\/\/www.europesays.com\/pt\/141483\/"},"modified":"2025-11-06T09:49:10","modified_gmt":"2025-11-06T09:49:10","slug":"socia-de-virginia-faz-desabafo-surtos-a-distancia","status":"publish","type":"post","link":"https:\/\/www.europesays.com\/pt\/141483\/","title":{"rendered":"S\u00f3cia de Virginia faz desabafo: \u2018Surtos \u00e0 dist\u00e2ncia\u2019"},"content":{"rendered":"<p>S\u00f3cia de <a href=\"https:\/\/caras.com.br\/tags\/virginia\" rel=\"nofollow noopener\" target=\"_blank\"><strong>Virginia Fonseca<\/strong><\/a> na marca de produtos de beleza, <a href=\"https:\/\/caras.com.br\/tags\/samara-pink\" rel=\"nofollow noopener\" target=\"_blank\"><strong>Samara Pink<\/strong><\/a> passou um tempo longe das redes sociais e preocupou os internautas. Agora, ela reapareceu e explicou o motivo de seu sumi\u00e7o da internet.<\/p>\n<p>Em um desabafo sincero, a loira contou que estava no limite de sua sa\u00fade mental e precisou de um tempo para reorganizar sua vida. Ela aproveitou o tempo longe da internet para curtir sua fam\u00edlia e criar uma nova ordem em sua rotina para voltar cheia de energia.<\/p>\n<p> Leia o desabafo completo dela: <\/p>\n<p>\u201cFiquei um tempo OFF porque, sendo bem sincera, eu estava no meu limite: ansiedade, tremedeira e literalmente vivendo pelo celular. Estar longe do Brasil me faz trabalhar o dobro\u2026 Tem reuni\u00f5es em outro fuso, coisas pra resolver a todo minuto, surtos \u00e0 dist\u00e2ncia, decis\u00f5es que n\u00e3o param e, quando voc\u00ea se percebe, est\u00e1 trabalhando o tempo todo, resolvendo mil coisas e sendo grossa ou esquecendo de olhar para o motivo que realmente importa trabalhar tanto: SUA FAM\u00cdLIA\u2026 E, al\u00e9m de tudo isso, ainda tem uma parte essencial do trabalho que \u00e9 sobre o \u201cencantar\u201d , sobre vender: o \u201cpostar\u201d, o mostrar, o estar sempre online. SURTEI bonito viu rs\u2026\u201d, disse ela.<\/p>\n<p>E completou: \u201cPercebi que estava vivendo pra dar conta de tudo, menos de mim e da minha fam\u00edlia. Ent\u00e3o resolvi orar, desligar um pouco, respirar, aproveitar os MEUS sendo a Samara que eu sei que sou, viver o tempo que eu n\u00e3o estava vivendo, estar presente 100% para eles\u2026Ouvir os \u201c300 Maeeee, olha isso!\u201d, ser carinhosa e apoio do Thiago em cada mini surto dele rs. Organizei \u201cminha casa\u201d com intelig\u00eancia para ser o alicerce que \u00e9 necess\u00e1rio ser como mulher. A correria \u00e9 boa, mas ela suga a mente se a gente n\u00e3o parar pra respirar e encaixar cada \u201clivro em seu lugar\u201d. Entende? Enfim, foi o respiro que eu precisava pra lembrar o porqu\u00ea de tudo isso e conseguir encaixar tudo no lugar rs. BORAA CONTINUAR FIRME QUE agora voltei com a mente mais l\u00facida, o cora\u00e7\u00e3o em paz e a certeza de que sei o que estou plantando para o meu futuro\u201c.<\/p>\n<blockquote class=\"instagram-media\" style=\"background: #FFF; border: 0; border-radius: 3px; box-shadow: 0 0 1px 0 rgba(0,0,0,0.5),0 1px 10px 0 rgba(0,0,0,0.15); margin: 1px; max-width: 540px; min-width: 326px; padding: 0; width: calc(100% - 2px);\" data-instgrm-captioned=\"\" data-instgrm-permalink=\"https:\/\/www.instagram.com\/p\/DQsEPboE1-A\/?utm_source=ig_embed&amp;utm_campaign=loading\" data-instgrm-version=\"14\"><\/blockquote>\n<p><strong>Leia tamb\u00e9m<\/strong>: <a href=\"https:\/\/caras.com.br\/festas\/maria-flor-ganha-presente-luxuoso-da-madrinha-saiba-o-que-e-e-o-preco.phtml\" rel=\"nofollow noopener\" target=\"_blank\">Maria Flor ganha presente luxuoso da madrinha, Samara Pink. Saiba o que \u00e9 e o pre\u00e7o<\/a><\/p>\n<p>        <a href=\"https:\/\/caras.com.br\/autor\/priscilla-comoti\" rel=\"nofollow noopener\" target=\"_blank\">&#13;<br \/>\n          <img loading=\"lazy\" alt=\"Priscilla Comoti\" src=\"https:\/\/www.europesays.com\/pt\/wp-content\/uploads\/2025\/11\/1762422550_183_e53883bdf02c542f6517b68879e8cb08b27a1d55c4dfd53577e47d3ab6331a06\"  class=\"avatar avatar-115 photo rounded-circle mr-3\" height=\"115\" width=\"115\" decoding=\"async\"\/>        <\/a><\/p>\n<p>Priscilla Comoti \u00e9 editora de conte\u00fado do site CARAS. Ela \u00e9 formada em jornalismo e em audiovisual, j\u00e1 passou pelos sites Contigo!, Minha Novela, TiTiTi, Mais Novela e Portal M\u00e1rcia Piovesan. Escreve sobre celebridades, not\u00edcias sobre a fam\u00edlia real brit\u00e2nica, TV, reality show e novelas.<\/p>\n<p>\t                                            <script async src=\"\/\/www.instagram.com\/embed.js\"><\/script><\/p>\n","protected":false},"excerpt":{"rendered":"S\u00f3cia de Virginia Fonseca na marca de produtos de beleza, Samara Pink passou um tempo longe das redes&hellip;\n","protected":false},"author":2,"featured_media":141484,"comment_status":"","ping_status":"","sticky":false,"template":"","format":"standard","meta":{"footnotes":""},"categories":[145],"tags":[211,210,114,115,32,33,19400,973,1446],"class_list":{"0":"post-141483","1":"post","2":"type-post","3":"status-publish","4":"format-standard","5":"has-post-thumbnail","7":"category-celebridades","8":"tag-celebridades","9":"tag-celebrities","10":"tag-entertainment","11":"tag-entretenimento","12":"tag-portugal","13":"tag-pt","14":"tag-samara-pink","15":"tag-virginia","16":"tag-virginia-fonseca"},"share_on_mastodon":{"url":"https:\/\/pubeurope.com\/@pt\/115502131874176754","error":""},"_links":{"self":[{"href":"https:\/\/www.europesays.com\/pt\/wp-json\/wp\/v2\/posts\/141483","targetHints":{"allow":["GET"]}}],"collection":[{"href":"https:\/\/www.europesays.com\/pt\/wp-json\/wp\/v2\/posts"}],"about":[{"href":"https:\/\/www.europesays.com\/pt\/wp-json\/wp\/v2\/types\/post"}],"author":[{"embeddable":true,"href":"https:\/\/www.europesays.com\/pt\/wp-json\/wp\/v2\/users\/2"}],"replies":[{"embeddable":true,"href":"https:\/\/www.europesays.com\/pt\/wp-json\/wp\/v2\/comments?post=141483"}],"version-history":[{"count":0,"href":"https:\/\/www.europesays.com\/pt\/wp-json\/wp\/v2\/posts\/141483\/revisions"}],"wp:featuredmedia":[{"embeddable":true,"href":"https:\/\/www.europesays.com\/pt\/wp-json\/wp\/v2\/media\/141484"}],"wp:attachment":[{"href":"https:\/\/www.europesays.com\/pt\/wp-json\/wp\/v2\/media?parent=141483"}],"wp:term":[{"taxonomy":"category","embeddable":true,"href":"https:\/\/www.europesays.com\/pt\/wp-json\/wp\/v2\/categories?post=141483"},{"taxonomy":"post_tag","embeddable":true,"href":"https:\/\/www.europesays.com\/pt\/wp-json\/wp\/v2\/tags?post=141483"}],"curies":[{"name":"wp","href":"https:\/\/api.w.org\/{rel}","templated":true}]}}