{"id":141485,"date":"2025-11-06T09:52:09","date_gmt":"2025-11-06T09:52:09","guid":{"rendered":"https:\/\/www.europesays.com\/pt\/141485\/"},"modified":"2025-11-06T09:52:09","modified_gmt":"2025-11-06T09:52:09","slug":"revelacao-bombastica-marisa-susana-pediu-a-voz-para-dormir-com-bruno-secret-story","status":"publish","type":"post","link":"https:\/\/www.europesays.com\/pt\/141485\/","title":{"rendered":"Revela\u00e7\u00e3o bomb\u00e1stica! Marisa Susana pediu \u00e0 Voz para dormir com Bruno &#8211; Secret Story"},"content":{"rendered":"<p>No Extra do Secret Story 9, Marta Cardoso faz uma confiss\u00e3o bomb\u00e1stica: \u00abA Marisa Susana foi ao confession\u00e1rio pediu \u00e0 Voz que esta miss\u00e3o se estendesse pela noite fora para dormir com o Bruno\u00bb. Veja todas as rea\u00e7\u00f5es.<\/p>\n<p><strong>H\u00e1 cinco nomeados em risco de sair j\u00e1 no pr\u00f3ximo domingo. VOTE PARA SALVAR:\u00a0<\/strong><\/p>\n<p>ANA CRISTINA \u2013 761 20 20 02<br \/>BRUNO \u2013 761 20 20 04<br \/>IN\u00caS \u2013 761 20 20 10<br \/>PEDRO \u2013 761 20 20 18<br \/>RAQUEL \u2013 761 20 20 22<\/p>\n<p><a href=\"https:\/\/tvi.iol.pt\/secretstory\/aominuto\" rel=\"nofollow noopener\" target=\"_blank\"><strong>Acompanhe tudo o que se passa na casa mais vigiada do Pa\u00eds<\/strong><\/a><\/p>\n","protected":false},"excerpt":{"rendered":"No Extra do Secret Story 9, Marta Cardoso faz uma confiss\u00e3o bomb\u00e1stica: \u00abA Marisa Susana foi ao confession\u00e1rio&hellip;\n","protected":false},"author":2,"featured_media":141486,"comment_status":"","ping_status":"","sticky":false,"template":"","format":"standard","meta":{"footnotes":""},"categories":[142],"tags":[3768,19374,19373,114,115,19153,19375,32,33,151],"class_list":{"0":"post-141485","1":"post","2":"type-post","3":"status-publish","4":"format-standard","5":"has-post-thumbnail","7":"category-tv","8":"tag-bruno","9":"tag-confrontos-concorrentes","10":"tag-discussoes-secret-story","11":"tag-entertainment","12":"tag-entretenimento","13":"tag-marisa-susana","14":"tag-polemicas","15":"tag-portugal","16":"tag-pt","17":"tag-tv"},"share_on_mastodon":{"url":"https:\/\/pubeurope.com\/@pt\/115502143462752013","error":""},"_links":{"self":[{"href":"https:\/\/www.europesays.com\/pt\/wp-json\/wp\/v2\/posts\/141485","targetHints":{"allow":["GET"]}}],"collection":[{"href":"https:\/\/www.europesays.com\/pt\/wp-json\/wp\/v2\/posts"}],"about":[{"href":"https:\/\/www.europesays.com\/pt\/wp-json\/wp\/v2\/types\/post"}],"author":[{"embeddable":true,"href":"https:\/\/www.europesays.com\/pt\/wp-json\/wp\/v2\/users\/2"}],"replies":[{"embeddable":true,"href":"https:\/\/www.europesays.com\/pt\/wp-json\/wp\/v2\/comments?post=141485"}],"version-history":[{"count":0,"href":"https:\/\/www.europesays.com\/pt\/wp-json\/wp\/v2\/posts\/141485\/revisions"}],"wp:featuredmedia":[{"embeddable":true,"href":"https:\/\/www.europesays.com\/pt\/wp-json\/wp\/v2\/media\/141486"}],"wp:attachment":[{"href":"https:\/\/www.europesays.com\/pt\/wp-json\/wp\/v2\/media?parent=141485"}],"wp:term":[{"taxonomy":"category","embeddable":true,"href":"https:\/\/www.europesays.com\/pt\/wp-json\/wp\/v2\/categories?post=141485"},{"taxonomy":"post_tag","embeddable":true,"href":"https:\/\/www.europesays.com\/pt\/wp-json\/wp\/v2\/tags?post=141485"}],"curies":[{"name":"wp","href":"https:\/\/api.w.org\/{rel}","templated":true}]}}