{"id":141487,"date":"2025-11-06T09:55:08","date_gmt":"2025-11-06T09:55:08","guid":{"rendered":"https:\/\/www.europesays.com\/pt\/141487\/"},"modified":"2025-11-06T09:55:08","modified_gmt":"2025-11-06T09:55:08","slug":"liga-dos-campeoes-inter-junta-se-a-bayern-e-arsenal-barcelona-entra-na-lista-forbs-futebol-internacional","status":"publish","type":"post","link":"https:\/\/www.europesays.com\/pt\/141487\/","title":{"rendered":"Liga dos Campe\u00f5es: Inter junta-se a Bayern e Arsenal, Barcelona entra na lista Forbs | Futebol internacional"},"content":{"rendered":"<p>O Inter de Mil\u00e3o bateu, \u00e0 justa, o Kairat (2-1), em jogo arbitrado por Lu\u00eds Godinho, e juntou-se aos totalistas Bayern Munique e Arsenal no topo da classifica\u00e7\u00e3o, com 12 pontos ao fim de quatro rondas na Liga dos Campe\u00f5es.<\/p>\n<p>Tudo, no dia em que o Barcelona entrou para a lista Forbs&#8230; pelos milh\u00f5es desviados pelo internacional portugu\u00eas sub-21 Carlos Forbs, estrela mais cintilante da noite, com uma assist\u00eancia e um bis, para o Club Brugge, que empatou os catal\u00e3es (3-3), com um pen\u00e1lti (sobre Forbs) revertido e um golo anulado aos belgas aos 90+1&#8242; pelo VAR.<\/p>\n<p>O extremo resgatado pelos belgas ao Ajax ainda desperdi\u00e7ou uma oportunidade clara de golo que teria dado a segunda vit\u00f3ria ao Club Brugge.<\/p>\n<p>        &#13;<\/p>\n<blockquote class=\"twitter-tweet\" data-media-max-width=\"560\">\n<p lang=\"pt\" dir=\"ltr\">Que noite de Carlos Forbs ???? 2 golos 1 assist\u00eancia ??<\/p>\n<p>?? <a href=\"https:\/\/twitter.com\/ChampionsLeague?ref_src=twsrc%5Etfw\" rel=\"nofollow noopener\" target=\"_blank\">@ChampionsLeague<\/a> | <a href=\"https:\/\/twitter.com\/ClubBrugge?ref_src=twsrc%5Etfw\" rel=\"nofollow noopener\" target=\"_blank\">@ClubBrugge<\/a> 3 x 2 <a href=\"https:\/\/twitter.com\/FCBarcelona?ref_src=twsrc%5Etfw\" rel=\"nofollow noopener\" target=\"_blank\">@FCBarcelona<\/a><\/p>\n<p>?? Adere j\u00e1 e aproveita ?? ????^?? ??????\u00b4?????? em ?? <a href=\"https:\/\/t.co\/MbvnEVsIom\" rel=\"nofollow\">https:\/\/t.co\/MbvnEVsIom<\/a><a href=\"https:\/\/twitter.com\/hashtag\/DAZNChampions?src=hash&amp;ref_src=twsrc%5Etfw\" rel=\"nofollow noopener\" target=\"_blank\">#DAZNChampions<\/a> <a href=\"https:\/\/twitter.com\/hashtag\/DAZNBetano?src=hash&amp;ref_src=twsrc%5Etfw\" rel=\"nofollow noopener\" target=\"_blank\">#DAZNBetano<\/a> <a href=\"https:\/\/t.co\/2v3VgsafVB\" rel=\"nofollow\">pic.twitter.com\/2v3VgsafVB<\/a><\/p>\n<p>\u2014 DAZN Portugal (@DAZNPortugal) <a href=\"https:\/\/twitter.com\/DAZNPortugal\/status\/1986183504229544012?ref_src=twsrc%5Etfw\" rel=\"nofollow noopener\" target=\"_blank\">November 5, 2025<\/a><\/p><\/blockquote>\n<p> &#13;<\/p>\n<p>Destaque tamb\u00e9m para o Manchester City, a ascender ao quarto lugar, com 10 pontos, \u00e0 frente de PSG, Real Madrid, Liverpool e Newcastle, gra\u00e7as \u00e0 vit\u00f3ria (4-1) sobre o Borussia Dortmund, com bis de Foden (22, 57&#8242;) e golos de Haaland (29&#8242;) e Cherki (90+1&#8242;), tendo Anton (72&#8242;) reduzido para os alem\u00e3es.<\/p>\n<p>Newcastle e Atalanta venceram o Athletic Bilbao e o Marselha, respectivamente, com os ingleses a juntarem-se ao segundo pelot\u00e3o e os italianos no grupo das equipas com sete pontos, como o Sporting.<\/p>\n<p>Se no topo houve um Inter em dificuldade, no fundo da tabela continua o Ajax, ex-clube de Forbs, que perdeu em Amesterd\u00e3o (0-3) ante o Galatasaray, onde brilhou Victor Osimhen, autor de um hat-trick, com dois pen\u00e1ltis que deixam os neerlandeses na companhia do Benfica, com zero pontos.<\/p>\n<p>Depois da derrota em Munique, na primeira ronda, o Chelsea, vencedor da Liga Confer\u00eancia e do Mundial de Clubes, <a href=\"https:\/\/www.publico.pt\/2025\/10\/01\/desporto\/noticia\/qarabag-saco-pancada-seis-pontos-champions-2149309\" rel=\"nofollow noopener\" target=\"_blank\">ganhou trac\u00e7\u00e3o<\/a> com triunfos sobre <a href=\"https:\/\/www.publico.pt\/2025\/09\/16\/desporto\/cronica_de_jogo\/qarabag-remedio-deixou-benfica-doente-2147441\" rel=\"nofollow noopener\" target=\"_blank\">Benfica <\/a>e Ajax, pelo que se apresentou em Baku com estatuto de favorito frente ao Qarabag, vindo de derrota em Bilbau.<\/p>\n<p>Mas os ingleses n\u00e3o foram al\u00e9m de um empate (2-2). A equipa do Azerbaij\u00e3o, que chocou a Luz antes de somar novo triunfo ante o Copenhaga, n\u00e3o se deixou intimidar pelo golo do jovem Est\u00eav\u00e3o, aos 16 minutos.<\/p>\n<p>O Qarabag ainda operou a reviravolta, com golos de Leandro Andrade (29\u2019) e Jankovic (39\u2019, g.p.), acabando por sofrer o golo do empate que deixou as duas equipas em igualdade pontual com o Sporting numa transi\u00e7\u00e3o de Garnacho (52\u2019), quando o Chelsea sofria \u00e0s m\u00e3os do advers\u00e1rio.<\/p>\n<p>No outro jogo da tarde, em Limassol, destaque para a primeira vit\u00f3ria (1-0) do Pafos, na Champions, que deixou o Villarreal em situa\u00e7\u00f5es comprometedora no fundo da tabela, com apenas um ponto.<\/p>\n<p>            <script async src=\"https:\/\/platform.twitter.com\/widgets.js\" charset=\"utf-8\"><\/script><\/p>\n","protected":false},"excerpt":{"rendered":"O Inter de Mil\u00e3o bateu, \u00e0 justa, o Kairat (2-1), em jogo arbitrado por Lu\u00eds Godinho, e juntou-se&hellip;\n","protected":false},"author":2,"featured_media":141488,"comment_status":"","ping_status":"","sticky":false,"template":"","format":"standard","meta":{"footnotes":""},"categories":[87],"tags":[1069,904,135,1291,138,1399,1003,1382,32,33,134],"class_list":{"0":"post-141487","1":"post","2":"type-post","3":"status-publish","4":"format-standard","5":"has-post-thumbnail","7":"category-desporto","8":"tag-ajax","9":"tag-chelsea","10":"tag-desporto","11":"tag-fc-barcelona","12":"tag-futebol-internacional","13":"tag-galatasaray","14":"tag-liga-dos-campeoes","15":"tag-manchester-city","16":"tag-portugal","17":"tag-pt","18":"tag-sports"},"share_on_mastodon":{"url":"https:\/\/pubeurope.com\/@pt\/115502155391786659","error":""},"_links":{"self":[{"href":"https:\/\/www.europesays.com\/pt\/wp-json\/wp\/v2\/posts\/141487","targetHints":{"allow":["GET"]}}],"collection":[{"href":"https:\/\/www.europesays.com\/pt\/wp-json\/wp\/v2\/posts"}],"about":[{"href":"https:\/\/www.europesays.com\/pt\/wp-json\/wp\/v2\/types\/post"}],"author":[{"embeddable":true,"href":"https:\/\/www.europesays.com\/pt\/wp-json\/wp\/v2\/users\/2"}],"replies":[{"embeddable":true,"href":"https:\/\/www.europesays.com\/pt\/wp-json\/wp\/v2\/comments?post=141487"}],"version-history":[{"count":0,"href":"https:\/\/www.europesays.com\/pt\/wp-json\/wp\/v2\/posts\/141487\/revisions"}],"wp:featuredmedia":[{"embeddable":true,"href":"https:\/\/www.europesays.com\/pt\/wp-json\/wp\/v2\/media\/141488"}],"wp:attachment":[{"href":"https:\/\/www.europesays.com\/pt\/wp-json\/wp\/v2\/media?parent=141487"}],"wp:term":[{"taxonomy":"category","embeddable":true,"href":"https:\/\/www.europesays.com\/pt\/wp-json\/wp\/v2\/categories?post=141487"},{"taxonomy":"post_tag","embeddable":true,"href":"https:\/\/www.europesays.com\/pt\/wp-json\/wp\/v2\/tags?post=141487"}],"curies":[{"name":"wp","href":"https:\/\/api.w.org\/{rel}","templated":true}]}}