{"id":141495,"date":"2025-11-06T10:01:12","date_gmt":"2025-11-06T10:01:12","guid":{"rendered":"https:\/\/www.europesays.com\/pt\/141495\/"},"modified":"2025-11-06T10:01:12","modified_gmt":"2025-11-06T10:01:12","slug":"primeiro-nevao-fechou-acesso-ao-macico-central-da-serra-da-estrela","status":"publish","type":"post","link":"https:\/\/www.europesays.com\/pt\/141495\/","title":{"rendered":"Primeiro nev\u00e3o fechou acesso ao maci\u00e7o central da Serra da Estrela"},"content":{"rendered":"<p data-remotead-prev-elm=\"true\" data-remotead-elm-id=\"inread\">A liga\u00e7\u00e3o entre os Piornos, no concelho da Covilh\u00e3, a Torre e a Lagoa Comprida, j\u00e1 no concelho de Seia, tinha sido encerrada \u00e0s 21.30 horas de quarta-feira devido \u00e0 queda de neve e ao vento forte.<\/p>\n<p>&#8220;Circula-se sem restri\u00e7\u00f5es desde as 7 horas na Serra da Estrela&#8221;, disse fonte do Comando Sub-regional de Emerg\u00eancia e Prote\u00e7\u00e3o Civil das Beiras e Serra da Estrela \u00e0 ag\u00eancia Lusa.<\/p>\n<blockquote data-type=\"articles\" data-id=\"related-article-18016604\"><p>\n              <strong>Leia tamb\u00e9m <\/strong><br \/>\n              <a href=\"https:\/\/www.jn.pt\/nacional\/artigo\/mais-de-mil-ocorrencias-devido-ao-mau-tempo-e-a-maioria-foi-em-lisboa-e-vale-do-tejo\/18016604\" rel=\"nofollow noopener\" target=\"_blank\">Mais de mil ocorr\u00eancias, dois feridos e um desalojado devido ao mau tempo<\/a>\n            <\/p><\/blockquote>\n<p>Portugal continental est\u00e1 a ser afetado por uma superf\u00edcie frontal fria de atividade moderada a forte, provocando chuva, trovoadas e vento, segundo o IPMA.<\/p>\n<p>O vento prev\u00ea-se que sopre &#8220;forte com rajadas&#8221; at\u00e9 ao in\u00edcio da manh\u00e3 de hoje.<\/p>\n","protected":false},"excerpt":{"rendered":"A liga\u00e7\u00e3o entre os Piornos, no concelho da Covilh\u00e3, a Torre e a Lagoa Comprida, j\u00e1 no concelho&hellip;\n","protected":false},"author":2,"featured_media":141496,"comment_status":"","ping_status":"","sticky":false,"template":"","format":"standard","meta":{"footnotes":""},"categories":[10],"tags":[27,28,31384,31383,15,16,9086,14,25,26,352,21,22,8532,11288,12,13,19,20,32,23,24,33,17,18,29,30,31,9417],"class_list":{"0":"post-141495","1":"post","2":"type-post","3":"status-publish","4":"format-standard","5":"has-post-thumbnail","7":"category-portugal","8":"tag-breaking-news","9":"tag-breakingnews","10":"tag-concelho-covilha","11":"tag-concelho-guarda","12":"tag-featured-news","13":"tag-featurednews","14":"tag-frio","15":"tag-headlines","16":"tag-latest-news","17":"tag-latestnews","18":"tag-local","19":"tag-main-news","20":"tag-mainnews","21":"tag-mau-tempo","22":"tag-neve","23":"tag-news","24":"tag-noticias","25":"tag-noticias-principais","26":"tag-noticiasprincipais","27":"tag-portugal","28":"tag-principais-noticias","29":"tag-principaisnoticias","30":"tag-pt","31":"tag-top-stories","32":"tag-topstories","33":"tag-ultimas","34":"tag-ultimas-noticias","35":"tag-ultimasnoticias","36":"tag-vento"},"share_on_mastodon":{"url":"https:\/\/pubeurope.com\/@pt\/115502178926845219","error":""},"_links":{"self":[{"href":"https:\/\/www.europesays.com\/pt\/wp-json\/wp\/v2\/posts\/141495","targetHints":{"allow":["GET"]}}],"collection":[{"href":"https:\/\/www.europesays.com\/pt\/wp-json\/wp\/v2\/posts"}],"about":[{"href":"https:\/\/www.europesays.com\/pt\/wp-json\/wp\/v2\/types\/post"}],"author":[{"embeddable":true,"href":"https:\/\/www.europesays.com\/pt\/wp-json\/wp\/v2\/users\/2"}],"replies":[{"embeddable":true,"href":"https:\/\/www.europesays.com\/pt\/wp-json\/wp\/v2\/comments?post=141495"}],"version-history":[{"count":0,"href":"https:\/\/www.europesays.com\/pt\/wp-json\/wp\/v2\/posts\/141495\/revisions"}],"wp:featuredmedia":[{"embeddable":true,"href":"https:\/\/www.europesays.com\/pt\/wp-json\/wp\/v2\/media\/141496"}],"wp:attachment":[{"href":"https:\/\/www.europesays.com\/pt\/wp-json\/wp\/v2\/media?parent=141495"}],"wp:term":[{"taxonomy":"category","embeddable":true,"href":"https:\/\/www.europesays.com\/pt\/wp-json\/wp\/v2\/categories?post=141495"},{"taxonomy":"post_tag","embeddable":true,"href":"https:\/\/www.europesays.com\/pt\/wp-json\/wp\/v2\/tags?post=141495"}],"curies":[{"name":"wp","href":"https:\/\/api.w.org\/{rel}","templated":true}]}}