{"id":141511,"date":"2025-11-06T10:17:08","date_gmt":"2025-11-06T10:17:08","guid":{"rendered":"https:\/\/www.europesays.com\/pt\/141511\/"},"modified":"2025-11-06T10:17:08","modified_gmt":"2025-11-06T10:17:08","slug":"agitacao-maritima-todos-os-distritos-costeiros-sob-aviso-laranja","status":"publish","type":"post","link":"https:\/\/www.europesays.com\/pt\/141511\/","title":{"rendered":"Agita\u00e7\u00e3o mar\u00edtima. Todos os distritos costeiros sob aviso laranja"},"content":{"rendered":"<p>                <b> O mau tempo provocou mais de 1.100 ocorr\u00eancias at\u00e9 ao final do dia de quarta-feira<\/b>, sobretudo inunda\u00e7\u00f5es e queda de \u00e1rvores.<b\/><\/p>\n<p>A regi\u00e3o mais afetada pelo mau tempo foi Lisboa e Vale do Tejo, onde se registaram 548 ocorr\u00eancias at\u00e9 \u00e0s 22h00 de quarta-feira, segundo a Autoridade Nacional de Emerg\u00eancia e Prote\u00e7\u00e3o Civil (ANEPC).<\/p>\n<p>Espera-se o desgravamento das condi\u00e7\u00f5es meteorol\u00f3gicas a partir das 9h00 da manh\u00e3 desta quinta-feira em Beja, Set\u00fabal e Faro, que passam a estar sob aviso amarelo. J\u00e1 em Aveiro, Braga, Coimbra, Leiria, Lisboa, Porto e Viana do Castelo s\u00f3 melhora a partir do meio-dia.<\/p>\n<p>Ainda assim, mant\u00eam-se <b>os avisos para agita\u00e7\u00e3o mar\u00edtima forte para os distritos de Viana do Castelo, Braga, Porto, Aveiro, Coimbra, Leiria, Lisboa, Set\u00fabal, Beja e Faro.<\/b>A situa\u00e7\u00e3o deve melhorar em todo o territ\u00f3rio do continente ao final da tarde, antev\u00ea a meteorologia.<\/p>\n<p>O IPMA emitiu tamb\u00e9m o aviso amarelo por precipita\u00e7\u00e3o, devido a &#8220;aguaceiros, por vezes fortes e ocasionalmente sob a forma de granizo&#8221;, para sete distritos: Viana do Castelo, Braga, Porto, Aveiro, Coimbra, Vila Real e Viseu. Avisos que estiveram em vigor at\u00e9 \u00e0s 6h00.<\/p>\n<p>&#13;<br \/>\nPortugal continental est\u00e1 a ser afetado por uma superf\u00edcie frontal fria de atividade moderada a forte, provocando chuva, trovoadas e vento, segundo o IPMA. O vento prev\u00ea-se que sopre &#8220;forte com rajadas&#8221; at\u00e9 ao in\u00edcio da manh\u00e3 de hoje.&#13;\n<\/p>\n<p>&#13;<br \/>\nc\/ Lusa&#13;<\/p>\n","protected":false},"excerpt":{"rendered":"O mau tempo provocou mais de 1.100 ocorr\u00eancias at\u00e9 ao final do dia de quarta-feira, sobretudo inunda\u00e7\u00f5es e&hellip;\n","protected":false},"author":2,"featured_media":141512,"comment_status":"","ping_status":"","sticky":false,"template":"","format":"standard","meta":{"footnotes":""},"categories":[8],"tags":[31385,27,28,2139,15,16,14,350,25,26,21,22,31386,8532,12,13,19,20,32,23,24,33,17,18,29,30,31,9417],"class_list":{"0":"post-141511","1":"post","2":"type-post","3":"status-publish","4":"format-standard","5":"has-post-thumbnail","7":"category-principais-noticias","8":"tag-agitacao","9":"tag-breaking-news","10":"tag-breakingnews","11":"tag-chuva","12":"tag-featured-news","13":"tag-featurednews","14":"tag-headlines","15":"tag-ipma","16":"tag-latest-news","17":"tag-latestnews","18":"tag-main-news","19":"tag-mainnews","20":"tag-maritima","21":"tag-mau-tempo","22":"tag-news","23":"tag-noticias","24":"tag-noticias-principais","25":"tag-noticiasprincipais","26":"tag-portugal","27":"tag-principais-noticias","28":"tag-principaisnoticias","29":"tag-pt","30":"tag-top-stories","31":"tag-topstories","32":"tag-ultimas","33":"tag-ultimas-noticias","34":"tag-ultimasnoticias","35":"tag-vento"},"share_on_mastodon":{"url":"https:\/\/pubeurope.com\/@pt\/115502241937574891","error":""},"_links":{"self":[{"href":"https:\/\/www.europesays.com\/pt\/wp-json\/wp\/v2\/posts\/141511","targetHints":{"allow":["GET"]}}],"collection":[{"href":"https:\/\/www.europesays.com\/pt\/wp-json\/wp\/v2\/posts"}],"about":[{"href":"https:\/\/www.europesays.com\/pt\/wp-json\/wp\/v2\/types\/post"}],"author":[{"embeddable":true,"href":"https:\/\/www.europesays.com\/pt\/wp-json\/wp\/v2\/users\/2"}],"replies":[{"embeddable":true,"href":"https:\/\/www.europesays.com\/pt\/wp-json\/wp\/v2\/comments?post=141511"}],"version-history":[{"count":0,"href":"https:\/\/www.europesays.com\/pt\/wp-json\/wp\/v2\/posts\/141511\/revisions"}],"wp:featuredmedia":[{"embeddable":true,"href":"https:\/\/www.europesays.com\/pt\/wp-json\/wp\/v2\/media\/141512"}],"wp:attachment":[{"href":"https:\/\/www.europesays.com\/pt\/wp-json\/wp\/v2\/media?parent=141511"}],"wp:term":[{"taxonomy":"category","embeddable":true,"href":"https:\/\/www.europesays.com\/pt\/wp-json\/wp\/v2\/categories?post=141511"},{"taxonomy":"post_tag","embeddable":true,"href":"https:\/\/www.europesays.com\/pt\/wp-json\/wp\/v2\/tags?post=141511"}],"curies":[{"name":"wp","href":"https:\/\/api.w.org\/{rel}","templated":true}]}}