{"id":141515,"date":"2025-11-06T10:21:09","date_gmt":"2025-11-06T10:21:09","guid":{"rendered":"https:\/\/www.europesays.com\/pt\/141515\/"},"modified":"2025-11-06T10:21:09","modified_gmt":"2025-11-06T10:21:09","slug":"vem-ai-em-terra-forte-gloria-bate-em-marcus-novelas","status":"publish","type":"post","link":"https:\/\/www.europesays.com\/pt\/141515\/","title":{"rendered":"Vem a\u00ed em \u00abTerra Forte\u00bb: Gl\u00f3ria bate em Marcus &#8211; Novelas"},"content":{"rendered":"<p>Em \u00abTerra Forte\u00bb, <a href=\"https:\/\/tvi.iol.pt\/novelas\/videos\/terra-forte-marcus-tem-um-novo-plano-para-destruir-maria-de-fatima-e-a-acoreana\/68fa5c1f0cf29d28d8298112\" rel=\"nofollow noopener\" target=\"_blank\">Marcus (Vitor Hugo)<\/a>\u00a0bebe desconsolado enquanto v\u00ea not\u00edcias na televis\u00e3o sobre a Komibem, angustiado por n\u00e3o ver nenhuma sa\u00edda. <a href=\"https:\/\/tvi.iol.pt\/novelas\/videos\/maria-de-fatima-toma-decisao-sobre-vivi-esta-demitida\/68f8e7750cf285ab53a6b259\" rel=\"nofollow noopener\" target=\"_blank\">Vivi (Sofia Nicholson)<\/a>\u00a0diz-lhe que tem de come\u00e7ar a pensar em arranjar trabalho, dizendo que mais uma vez \u00e9 ela que tem de resolver os problemas da fam\u00edlia. <a href=\"https:\/\/tvi.iol.pt\/novelas\/videos\/terra-forte-maria-de-fatima-ameaca-gloria\/68fa5c280cf29d28d8298113\" rel=\"nofollow noopener\" target=\"_blank\">Gl\u00f3ria (Maria Jo\u00e3o Pinho)<\/a>\u00a0bate \u00e0 porta. Vivi come\u00e7a a analisar uma pasta com os seguros de vida da fam\u00edlia.<\/p>\n<p>Gl\u00f3ria bate em Marcus a dizer que ele a enganou com a promessa de um dia ficarem juntos quando afinal deu isso sim cabo da fam\u00edlia. Gl\u00f3ria sai a avisar Marcus que nunca mais a v\u00ea se n\u00e3o ajudar Vivi e a fam\u00edlia a recomporem-se.<\/p>\n<p>De relembrar que Gl\u00f3ria e Marcus s\u00e3o amantes:<\/p>\n","protected":false},"excerpt":{"rendered":"Em \u00abTerra Forte\u00bb, Marcus (Vitor Hugo)\u00a0bebe desconsolado enquanto v\u00ea not\u00edcias na televis\u00e3o sobre a Komibem, angustiado por n\u00e3o&hellip;\n","protected":false},"author":2,"featured_media":141516,"comment_status":"","ping_status":"","sticky":false,"template":"","format":"standard","meta":{"footnotes":""},"categories":[142],"tags":[160,166,114,115,157,167,16451,164,29765,18616,161,158,165,159,32,33,156,18614,163,151,162,6094],"class_list":{"0":"post-141515","1":"post","2":"type-post","3":"status-publish","4":"format-standard","5":"has-post-thumbnail","7":"category-tv","8":"tag-ana-guiomar","9":"tag-cristina-ferreira","10":"tag-entertainment","11":"tag-entretenimento","12":"tag-festa-e-festa","13":"tag-ficcao","14":"tag-gloria","15":"tag-jose-fidalgo","16":"tag-marcus","17":"tag-maria-joao-pinho","18":"tag-novelas","19":"tag-para-sempre","20":"tag-pedro-sousa","21":"tag-pedro-teixeira","22":"tag-portugal","23":"tag-pt","24":"tag-queridos-papas","25":"tag-terra-forte","26":"tag-tiago-teotonio-pereira","27":"tag-tv","28":"tag-tvi","29":"tag-vitor-hugo"},"share_on_mastodon":{"url":"https:\/\/pubeurope.com\/@pt\/115502257478724787","error":""},"_links":{"self":[{"href":"https:\/\/www.europesays.com\/pt\/wp-json\/wp\/v2\/posts\/141515","targetHints":{"allow":["GET"]}}],"collection":[{"href":"https:\/\/www.europesays.com\/pt\/wp-json\/wp\/v2\/posts"}],"about":[{"href":"https:\/\/www.europesays.com\/pt\/wp-json\/wp\/v2\/types\/post"}],"author":[{"embeddable":true,"href":"https:\/\/www.europesays.com\/pt\/wp-json\/wp\/v2\/users\/2"}],"replies":[{"embeddable":true,"href":"https:\/\/www.europesays.com\/pt\/wp-json\/wp\/v2\/comments?post=141515"}],"version-history":[{"count":0,"href":"https:\/\/www.europesays.com\/pt\/wp-json\/wp\/v2\/posts\/141515\/revisions"}],"wp:featuredmedia":[{"embeddable":true,"href":"https:\/\/www.europesays.com\/pt\/wp-json\/wp\/v2\/media\/141516"}],"wp:attachment":[{"href":"https:\/\/www.europesays.com\/pt\/wp-json\/wp\/v2\/media?parent=141515"}],"wp:term":[{"taxonomy":"category","embeddable":true,"href":"https:\/\/www.europesays.com\/pt\/wp-json\/wp\/v2\/categories?post=141515"},{"taxonomy":"post_tag","embeddable":true,"href":"https:\/\/www.europesays.com\/pt\/wp-json\/wp\/v2\/tags?post=141515"}],"curies":[{"name":"wp","href":"https:\/\/api.w.org\/{rel}","templated":true}]}}