{"id":141517,"date":"2025-11-06T10:23:08","date_gmt":"2025-11-06T10:23:08","guid":{"rendered":"https:\/\/www.europesays.com\/pt\/141517\/"},"modified":"2025-11-06T10:23:08","modified_gmt":"2025-11-06T10:23:08","slug":"tres-filmes-para-ver-esta-semana-observador-7","status":"publish","type":"post","link":"https:\/\/www.europesays.com\/pt\/141517\/","title":{"rendered":"Tr\u00eas filmes para ver esta semana \u2013 Observador"},"content":{"rendered":"<p>Ap\u00f3s lhe ter sido detectada uma pequena mancha num \u00f3rg\u00e3o vital, um fil\u00f3sofo, Fabrice Toussaint (Denys Podalyd\u00e8s) \u00e9 apresentado ao doutor Augustin Masset (Kad Merad), especialista em cuidados paliativos e chefe de uma unidade destes, do qual se torna amigo e com o qual vai falar e refletir sobre o cancro, a vida, a morte e a prepara\u00e7\u00e3o para esta. Costa-Gavras baseou-se no livro de Regis Debray e do Dr. Claude Grange para rodar este filme, em que nomes como Charlotte Rampling, Agathe Bonitzer ou Angela Molina interpretam pessoas cujos casos ilustram comportamentos e rea\u00e7\u00f5es muito variadas \u00e0 doen\u00e7a no estado terminal, da revolta e do desespero \u00e0 aceita\u00e7\u00e3o. A eutan\u00e1sia surge de passagem, j\u00e1 que a \u00eanfase \u00e9 posta nos cuidados paliativos e na import\u00e2ncia da rela\u00e7\u00e3o de cl\u00ednicos e enfermeiros com os pacientes. Apesar de Costa-Gavras n\u00e3o evitar algum didatismo, O \u00daltimo Suspiro \u00e9 um filme que nos toca e faz refletir.<\/p>\n<p>J\u00e1 l\u00e1 v\u00e3o quase 40 anos desde que Arnold Schwarzenegger e o seu grupo de comandos enfrentou o ca\u00e7ador extraterrestre nas selvas da Am\u00e9rica Central em Predador (1987), o magn\u00edfico filme de fic\u00e7\u00e3o cient\u00edfica de John McTiernan, dando origem a uma s\u00e9rie de t\u00edtulos em que o Predador j\u00e1 lutou com aliens dos filmes de Ridley Scott, ca\u00e7ou assassinos humanos num planeta distante (Predadores, de 2010) e at\u00e9 combateu com \u00edndios na Am\u00e9rica de antes da chegada dos europeus (O Predador: Primeira Presa, de 2022). Neste novo filme, mais uma vez realizado por Dan Trachtenberg e passado no futuro, um jovem Predador, Dek (Dimitrius Schuster-Koloamatangi), o mais fraco do seu cl\u00e3, viaja para um planeta hostil dominado por uma perigos\u00edssima criatura, o Kalisk, que quer ca\u00e7ar para provar o seu valor. L\u00e1 chegado, encontra uma inesperada aliada, Thia (Elle Fanning), uma androide danificada da Wayland-Yutani Corporation.<\/p>\n<p>O realizador brasileiro Kleber Mendon\u00e7a Filho (Aquarius, Retratos Fantasmas), ambienta O Agente Secreto (pr\u00e9mios de Melhor Realizador e Melhor Ator no Festival de Cannes) na sua Recife natal, como sucede na maior parte dos seus filmes, e situa-o em 1977, quando o Brasil estava ainda sob o regime militar institu\u00eddo na d\u00e9cada anterior. Wagner Moura interpreta Marcelo, um engenheiro vi\u00favo que regressa \u00e0quela cidade em pleno Carnaval, e sob outro nome, para reencontrar o filho, que vive com os av\u00f3s maternos, e ir com ele para fora do pa\u00eds. Marcelo n\u00e3o o sabe, mas algu\u00e9m contratou dois matadores para o eliminarem. E enquanto n\u00e3o deixa o pa\u00eds com a crian\u00e7a, vai trabalhar para uma reparti\u00e7\u00e3o p\u00fablica situada na delegacia do Recife. <a href=\"https:\/\/observador.pt\/?p=7774790&amp;preview=true\" target=\"_blank\" rel=\"noopener nofollow\">O Agente Secreto foi escolhido como filme da semana pelo Observador e pode ler a cr\u00edtica aqui<\/a>.<\/p>\n","protected":false},"excerpt":{"rendered":"Ap\u00f3s lhe ter sido detectada uma pequena mancha num \u00f3rg\u00e3o vital, um fil\u00f3sofo, Fabrice Toussaint (Denys Podalyd\u00e8s) \u00e9&hellip;\n","protected":false},"author":2,"featured_media":141518,"comment_status":"","ping_status":"","sticky":false,"template":"","format":"standard","meta":{"footnotes":""},"categories":[140],"tags":[470,315,114,115,1042,147,148,146,32,33],"class_list":{"0":"post-141517","1":"post","2":"type-post","3":"status-publish","4":"format-standard","5":"has-post-thumbnail","7":"category-filmes","8":"tag-cinema","9":"tag-cultura","10":"tag-entertainment","11":"tag-entretenimento","12":"tag-estreias","13":"tag-film","14":"tag-filmes","15":"tag-movies","16":"tag-portugal","17":"tag-pt"},"share_on_mastodon":{"url":"https:\/\/pubeurope.com\/@pt\/115502265477479942","error":""},"_links":{"self":[{"href":"https:\/\/www.europesays.com\/pt\/wp-json\/wp\/v2\/posts\/141517","targetHints":{"allow":["GET"]}}],"collection":[{"href":"https:\/\/www.europesays.com\/pt\/wp-json\/wp\/v2\/posts"}],"about":[{"href":"https:\/\/www.europesays.com\/pt\/wp-json\/wp\/v2\/types\/post"}],"author":[{"embeddable":true,"href":"https:\/\/www.europesays.com\/pt\/wp-json\/wp\/v2\/users\/2"}],"replies":[{"embeddable":true,"href":"https:\/\/www.europesays.com\/pt\/wp-json\/wp\/v2\/comments?post=141517"}],"version-history":[{"count":0,"href":"https:\/\/www.europesays.com\/pt\/wp-json\/wp\/v2\/posts\/141517\/revisions"}],"wp:featuredmedia":[{"embeddable":true,"href":"https:\/\/www.europesays.com\/pt\/wp-json\/wp\/v2\/media\/141518"}],"wp:attachment":[{"href":"https:\/\/www.europesays.com\/pt\/wp-json\/wp\/v2\/media?parent=141517"}],"wp:term":[{"taxonomy":"category","embeddable":true,"href":"https:\/\/www.europesays.com\/pt\/wp-json\/wp\/v2\/categories?post=141517"},{"taxonomy":"post_tag","embeddable":true,"href":"https:\/\/www.europesays.com\/pt\/wp-json\/wp\/v2\/tags?post=141517"}],"curies":[{"name":"wp","href":"https:\/\/api.w.org\/{rel}","templated":true}]}}