{"id":141527,"date":"2025-11-06T10:32:10","date_gmt":"2025-11-06T10:32:10","guid":{"rendered":"https:\/\/www.europesays.com\/pt\/141527\/"},"modified":"2025-11-06T10:32:10","modified_gmt":"2025-11-06T10:32:10","slug":"medico-explica-cirurgia-de-emergencia-feita-em-helena-filha-de-neymar-apos-acidente-para-evitar","status":"publish","type":"post","link":"https:\/\/www.europesays.com\/pt\/141527\/","title":{"rendered":"M\u00e9dico explica cirurgia de emerg\u00eancia feita em Helena, filha de Neymar, ap\u00f3s acidente: &#8216;Para evitar&#8217;"},"content":{"rendered":"<p class=\"selectable-text copyable-text x15bjb6t x1n2onr6\">A influenciadora digital <a href=\"https:\/\/caras.com.br\/tags\/amanda-kimberlly\" rel=\"nofollow noopener\" target=\"_blank\"><strong>Amanda Kimberlly<\/strong><\/a> (31) teve que correr \u00e0s pressas para o hospital na noite da \u00faltima sexta-feira, 31, ap\u00f3s <strong>Helena<\/strong> (1), sua filha, fruto de um breve romance com o jogador de futebol <a href=\"https:\/\/caras.com.br\/tags\/neymar-jr\" rel=\"nofollow noopener\" target=\"_blank\"><strong>Neymar Jr.<\/strong><\/a> (33), prender um dos dedos na porta da casa da fam\u00edlia.<\/p>\n<p class=\"selectable-text copyable-text x15bjb6t x1n2onr6\">A herdeira do imp\u00e9rio de Neymar foi levada a um hospital particular e submetida a uma cirurgia de emerg\u00eancia que terminou no mesmo dia. A menina foi liberada para retornar \u00e0 sua casa com o bra\u00e7o enfaixado e j\u00e1 n\u00e3o apresentava mais dor local.<\/p>\n<p class=\"selectable-text copyable-text x15bjb6t x1n2onr6\"><strong>CARAS Brasil<\/strong> entrevista o ortopedista especialista em quadril e traumatologia <strong>Dr. Mateus Jer\u00f4nino<\/strong> para entender o risco que a pequena Helena correu com esse acidente. \u201cTraumas nos dedos causados por portas, gavetas ou objetos dom\u00e9sticos podem parecer simples, mas esses acidentes podem provocar les\u00f5es graves e at\u00e9 permanentes\u201d, afirma.<\/p>\n<p class=\"selectable-text copyable-text x15bjb6t x1n2onr6\">\u201cEm casos leves, h\u00e1 apenas incha\u00e7o e hematoma, mas quando o trauma \u00e9 mais intenso, pode haver esmagamento dos tecidos, interrup\u00e7\u00e3o da circula\u00e7\u00e3o ou at\u00e9 amputa\u00e7\u00e3o parcial do dedo. O risco maior \u00e9 o sofrimento vascular, quando o sangue deixa de circular adequadamente naquela regi\u00e3o, levando \u00e0 necrose e inviabilidade do tecido\u201d, complementa.<\/p>\n<p class=\"selectable-text copyable-text x15bjb6t x1n2onr6\">A herdeira precisou passar por uma cirurgia de emerg\u00eancia ainda n\u00e3o detalhada publicamente pela m\u00e3e. No entanto, o m\u00e9dico explica que o procedimento \u00e9 recomendado quando o paciente se encontra em um dos riscos listados nesta entrevista.<\/p>\n<p class=\"selectable-text copyable-text x15bjb6t x1n2onr6\">\u201cA cirurgia \u00e9 necess\u00e1ria em situa\u00e7\u00f5es de fraturas expostas, luxa\u00e7\u00f5es articulares (quando o osso se desloca da articula\u00e7\u00e3o) ou les\u00f5es de alta energia, que colocam em risco a circula\u00e7\u00e3o do dedo. Esses casos exigem avalia\u00e7\u00e3o e interven\u00e7\u00e3o imediata para evitar sequelas funcionais\u201d, diz.<\/p>\n<p class=\"selectable-text copyable-text x15bjb6t x1n2onr6\">O especialista alerta que, em alguns casos, o impacto vai muito al\u00e9m da dor imediata. \u201cA luxa\u00e7\u00e3o, por exemplo, pode interromper o fluxo sangu\u00edneo e causar necrose. J\u00e1 ferimentos com exposi\u00e7\u00e3o \u00f3ssea ou d\u00favida sobre a viabilidade do dedo exigem cirurgia urgente\u201d, alerta.<\/p>\n<p> Recupera\u00e7\u00e3o e cuidados no p\u00f3s-operat\u00f3rio infantil <\/p>\n<p class=\"selectable-text copyable-text x15bjb6t x1n2onr6\">O processo de recupera\u00e7\u00e3o varia conforme a gravidade da les\u00e3o e a idade da crian\u00e7a. Quanto mais jovem, maior a capacidade de regenera\u00e7\u00e3o dos tecidos, o que, felizmente, favorece uma boa recupera\u00e7\u00e3o nos pequenos. No caso de Helena, ela j\u00e1 deixou o centro m\u00e9dico sem dor, segundo relato da pr\u00f3pria m\u00e3e.<\/p>\n<p class=\"selectable-text copyable-text x15bjb6t x1n2onr6\">\u201cPor outro lado, traumas mais complexos podem necessitar de fisioterapia e acompanhamento prolongado para preservar a mobilidade e evitar deformidades. Durante o p\u00f3s-operat\u00f3rio, os pais devem seguir \u00e0 risca as recomenda\u00e7\u00f5es m\u00e9dicas, manter os curativos limpos, evitar novos traumas e comparecer \u00e0s reavalia\u00e7\u00f5es\u201d, esclarece.<\/p>\n<p class=\"selectable-text copyable-text x15bjb6t x1n2onr6\">\u201cA literatura m\u00e9dica mostra que o principal fator de sucesso \u00e9 o acompanhamento rigoroso ap\u00f3s a cirurgia \u2014 ele reduz o risco de sequelas e garante uma recupera\u00e7\u00e3o completa\u201d, finaliza.<\/p>\n<p> VEJA OUTRAS NOT\u00cdCIAS DOS FAMOSOS NO INSTAGRAM DA CARAS BRASIL: <\/p>\n<blockquote class=\"instagram-media\" style=\"background: #FFF; border: 0; border-radius: 3px; box-shadow: 0 0 1px 0 rgba(0,0,0,0.5),0 1px 10px 0 rgba(0,0,0,0.15); margin: 1px; max-width: 540px; min-width: 326px; padding: 0; width: calc(100% - 2px);\" data-instgrm-captioned=\"\" data-instgrm-permalink=\"https:\/\/www.instagram.com\/p\/DQcVHVEDYmH\/?utm_source=ig_embed&amp;utm_campaign=loading\" data-instgrm-version=\"14\"><\/blockquote>\n<p>        <a href=\"https:\/\/caras.com.br\/autor\/paulo-henrique-lima\" rel=\"nofollow noopener\" target=\"_blank\">&#13;<br \/>\n          <img loading=\"lazy\" decoding=\"async\" alt=\"Paulo Henrique Lima\" src=\"https:\/\/www.europesays.com\/pt\/wp-content\/uploads\/2025\/10\/paulo-lima_sqmd.jpeg\" class=\"avatar avatar-115 photo rounded-circle\" height=\"115\" width=\"115\"\/>        <\/a><\/p>\n<p><strong>Paulo Henrique Lima<\/strong> \u00e9 rep\u00f3rter de pautas especiais do Grupo Perfil. Tem passagens por diversos ve\u00edculos de comunica\u00e7\u00e3o na web. \u00c9 apaixonado por entretenimento e realities.<\/p>\n<ul class=\"terms-list post_tag list-inline\">\n<li class=\"amanda-kimberlly list-inline-item\">\n\t\t\t\t\t<a href=\"https:\/\/caras.com.br\/tags\/amanda-kimberlly\" class=\"item-category\" rel=\"nofollow noopener\" target=\"_blank\">amanda kimberlly<\/a>\n\t\t\t\t<\/li>\n<li class=\"neymar-jr list-inline-item\">\n\t\t\t\t\t<a href=\"https:\/\/caras.com.br\/tags\/neymar-jr\" class=\"item-category\" rel=\"nofollow noopener\" target=\"_blank\">Neymar Jr.<\/a>\n\t\t\t\t<\/li>\n<\/ul>\n<p>\t                                            <script async src=\"\/\/www.instagram.com\/embed.js\"><\/script><\/p>\n","protected":false},"excerpt":{"rendered":"A influenciadora digital Amanda Kimberlly (31) teve que correr \u00e0s pressas para o hospital na noite da \u00faltima&hellip;\n","protected":false},"author":2,"featured_media":141528,"comment_status":"","ping_status":"","sticky":false,"template":"","format":"standard","meta":{"footnotes":""},"categories":[145],"tags":[11936,211,210,114,115,6039,32,33],"class_list":{"0":"post-141527","1":"post","2":"type-post","3":"status-publish","4":"format-standard","5":"has-post-thumbnail","7":"category-celebridades","8":"tag-amanda-kimberlly","9":"tag-celebridades","10":"tag-celebrities","11":"tag-entertainment","12":"tag-entretenimento","13":"tag-neymar-jr","14":"tag-portugal","15":"tag-pt"},"share_on_mastodon":{"url":"https:\/\/pubeurope.com\/@pt\/115502300921542875","error":""},"_links":{"self":[{"href":"https:\/\/www.europesays.com\/pt\/wp-json\/wp\/v2\/posts\/141527","targetHints":{"allow":["GET"]}}],"collection":[{"href":"https:\/\/www.europesays.com\/pt\/wp-json\/wp\/v2\/posts"}],"about":[{"href":"https:\/\/www.europesays.com\/pt\/wp-json\/wp\/v2\/types\/post"}],"author":[{"embeddable":true,"href":"https:\/\/www.europesays.com\/pt\/wp-json\/wp\/v2\/users\/2"}],"replies":[{"embeddable":true,"href":"https:\/\/www.europesays.com\/pt\/wp-json\/wp\/v2\/comments?post=141527"}],"version-history":[{"count":0,"href":"https:\/\/www.europesays.com\/pt\/wp-json\/wp\/v2\/posts\/141527\/revisions"}],"wp:featuredmedia":[{"embeddable":true,"href":"https:\/\/www.europesays.com\/pt\/wp-json\/wp\/v2\/media\/141528"}],"wp:attachment":[{"href":"https:\/\/www.europesays.com\/pt\/wp-json\/wp\/v2\/media?parent=141527"}],"wp:term":[{"taxonomy":"category","embeddable":true,"href":"https:\/\/www.europesays.com\/pt\/wp-json\/wp\/v2\/categories?post=141527"},{"taxonomy":"post_tag","embeddable":true,"href":"https:\/\/www.europesays.com\/pt\/wp-json\/wp\/v2\/tags?post=141527"}],"curies":[{"name":"wp","href":"https:\/\/api.w.org\/{rel}","templated":true}]}}