{"id":141537,"date":"2025-11-06T10:43:08","date_gmt":"2025-11-06T10:43:08","guid":{"rendered":"https:\/\/www.europesays.com\/pt\/141537\/"},"modified":"2025-11-06T10:43:08","modified_gmt":"2025-11-06T10:43:08","slug":"ue-quer-apertar-o-cerco-a-putin-e-desta-vez-o-alvo-e-diferente","status":"publish","type":"post","link":"https:\/\/www.europesays.com\/pt\/141537\/","title":{"rendered":"UE quer apertar o cerco a Putin e desta vez o alvo \u00e9 diferente"},"content":{"rendered":"<p>\t                Bruxelas quer impedir ao m\u00e1ximo a livre circula\u00e7\u00e3o de cidad\u00e3os russos no Espa\u00e7o Schengen<\/p>\n<p style=\"margin-bottom:11px\">A Uni\u00e3o Europeia continua \u00e0 procura de tudo o que pode para tentar pressionar ou, pelo menos, enfraquecer a R\u00fassia na sua procura pela conquista da Ucr\u00e2nia.<\/p>\n<p>De acordo com o <a href=\"https:\/\/www.politico.eu\/article\/eu-visa-rules-russians-schengen-war-in-ukraine\/?reg-wall=true\" target=\"_blank\" rel=\"nofollow noopener\">POLITICO<\/a>, Bruxelas prepara-se para novas san\u00e7\u00f5es, desta vez aos vistos atribu\u00eddos a cidad\u00e3os vindos da R\u00fassia, o que marca um passo al\u00e9m daquilo que tem sido feito, uma vez que &#8220;ataca&#8221; civis.<\/p>\n<p>Segundo tr\u00eas respons\u00e1veis com conhecimento do assunto, o objetivo passa por acabar definitivamente com a emiss\u00e3o das permiss\u00f5es ilimitadas de entrada e sa\u00edda do Espa\u00e7o Schengen durante um determinado per\u00edodo.<\/p>\n<p>O visto Schengen permite a entrada m\u00faltipla nos v\u00e1rios pa\u00edses pertencentes \u00e0quele espa\u00e7o, incluindo Portugal, por exemplo, durante um per\u00edodo que n\u00e3o costuma ser superior a 90 dias.<\/p>\n<p>A validade deste visto pode variar de um a cinco anos, mas Bruxelas quer que os cidad\u00e3os russos fiquem impossibilitados de ter esta benesse, que tem de ser concedida por cada embaixada ou consulado, dependendo do Estado-membro.<\/p>\n<p>Este \u00e9 mais um passo para tentar punir Moscovo pela guerra na Ucr\u00e2nia, podendo os cidad\u00e3os russos ficar limitados aos vistos de entrada \u00fanica, o que limita a circula\u00e7\u00e3o para o pa\u00eds em concreto e entre os v\u00e1rios Estados-membros do Espa\u00e7o Schengen.<\/p>\n<p>Apesar de ver esta medida como uma necessidade, Bruxelas admite algumas exce\u00e7\u00f5es, nomeadamente por raz\u00f5es humanit\u00e1rias &#8211; refugiados, por exemplo &#8211; ou cidad\u00e3os que tenham cidadania de um pa\u00eds da Uni\u00e3o Europeia.<\/p>\n<p>A Uni\u00e3o Europeia j\u00e1 dificultou a concess\u00e3o de vistos dos seus pa\u00edses a cidad\u00e3os russos, tendo suspendido o acordo que facilitava essa obten\u00e7\u00e3o logo em 2022. Alguns Estados-membros, nomeadamente os pa\u00edses do B\u00e1ltico, foram mais longe, impondo restri\u00e7\u00f5es que praticamente impedem qualquer cidad\u00e3o russo de entrar nos seus territ\u00f3rios.<\/p>\n<p>Apesar da inten\u00e7\u00e3o de Bruxelas, a decis\u00e3o continuar\u00e1 a ser uma quest\u00e3o de compet\u00eancia nacional. S\u00f3 em 2024 foram concedidos mais de 500 mil vistos Schengen a cidad\u00e3os russos, de acordo com os dados oficiais, o que at\u00e9 \u00e9 um aumento em rela\u00e7\u00e3o a 2023, mas fica bem longe dos quatro milh\u00f5es de vistos emitidos em 2019.<\/p>\n<p>Pa\u00edses como Hungria, Fran\u00e7a, Espanha ou It\u00e1lia ainda permitem a entrada mais ou menos livre a cidad\u00e3os russos. \u00c9 com isso que Bruxelas quer acabar, sugerindo regras mais apertadas para diminuir a circula\u00e7\u00e3o de pessoas vindas da R\u00fassia dentro do bloco.<\/p>\n<p>Ainda segundo o POLITICO, esta medida deve ser formalmente adotada e implementada ainda esta semana.<\/p>\n<p>\u00c0 parte dos vistos atribu\u00eddos a cidad\u00e3os russos, a Uni\u00e3o Europeia continua a pretender a restri\u00e7\u00e3o de movimentos a diplomatas da R\u00fassia, algo que faz parte do 19.\u00ba pacote de san\u00e7\u00f5es.<\/p>\n","protected":false},"excerpt":{"rendered":"Bruxelas quer impedir ao m\u00e1ximo a livre circula\u00e7\u00e3o de cidad\u00e3os russos no Espa\u00e7o Schengen A Uni\u00e3o Europeia continua&hellip;\n","protected":false},"author":2,"featured_media":141538,"comment_status":"","ping_status":"","sticky":false,"template":"","format":"standard","meta":{"footnotes":""},"categories":[50],"tags":[609,836,611,27,28,607,608,333,832,604,135,610,476,19473,15,16,301,830,14,603,25,26,570,21,22,831,833,62,834,12,13,19,20,835,602,52,32,23,24,839,17,18,840,29,30,31,636,31388,63,64,65],"class_list":{"0":"post-141537","1":"post","2":"type-post","3":"status-publish","4":"format-standard","5":"has-post-thumbnail","7":"category-mundo","8":"tag-alerta","9":"tag-analise","10":"tag-ao-minuto","11":"tag-breaking-news","12":"tag-breakingnews","13":"tag-cnn","14":"tag-cnn-portugal","15":"tag-comentadores","16":"tag-costa","17":"tag-crime","18":"tag-desporto","19":"tag-direto","20":"tag-economia","21":"tag-espaco-schengen","22":"tag-featured-news","23":"tag-featurednews","24":"tag-governo","25":"tag-guerra","26":"tag-headlines","27":"tag-justica","28":"tag-latest-news","29":"tag-latestnews","30":"tag-live","31":"tag-main-news","32":"tag-mainnews","33":"tag-mais-vistas","34":"tag-marcelo","35":"tag-mundo","36":"tag-negocios","37":"tag-news","38":"tag-noticias","39":"tag-noticias-principais","40":"tag-noticiasprincipais","41":"tag-opiniao","42":"tag-pais","43":"tag-politica","44":"tag-portugal","45":"tag-principais-noticias","46":"tag-principaisnoticias","47":"tag-russia","48":"tag-top-stories","49":"tag-topstories","50":"tag-ucrania","51":"tag-ultimas","52":"tag-ultimas-noticias","53":"tag-ultimasnoticias","54":"tag-uniao-europeia","55":"tag-vistos-russia","56":"tag-world","57":"tag-world-news","58":"tag-worldnews"},"share_on_mastodon":{"url":"","error":"Validation failed: Text character limit of 500 exceeded"},"_links":{"self":[{"href":"https:\/\/www.europesays.com\/pt\/wp-json\/wp\/v2\/posts\/141537","targetHints":{"allow":["GET"]}}],"collection":[{"href":"https:\/\/www.europesays.com\/pt\/wp-json\/wp\/v2\/posts"}],"about":[{"href":"https:\/\/www.europesays.com\/pt\/wp-json\/wp\/v2\/types\/post"}],"author":[{"embeddable":true,"href":"https:\/\/www.europesays.com\/pt\/wp-json\/wp\/v2\/users\/2"}],"replies":[{"embeddable":true,"href":"https:\/\/www.europesays.com\/pt\/wp-json\/wp\/v2\/comments?post=141537"}],"version-history":[{"count":0,"href":"https:\/\/www.europesays.com\/pt\/wp-json\/wp\/v2\/posts\/141537\/revisions"}],"wp:featuredmedia":[{"embeddable":true,"href":"https:\/\/www.europesays.com\/pt\/wp-json\/wp\/v2\/media\/141538"}],"wp:attachment":[{"href":"https:\/\/www.europesays.com\/pt\/wp-json\/wp\/v2\/media?parent=141537"}],"wp:term":[{"taxonomy":"category","embeddable":true,"href":"https:\/\/www.europesays.com\/pt\/wp-json\/wp\/v2\/categories?post=141537"},{"taxonomy":"post_tag","embeddable":true,"href":"https:\/\/www.europesays.com\/pt\/wp-json\/wp\/v2\/tags?post=141537"}],"curies":[{"name":"wp","href":"https:\/\/api.w.org\/{rel}","templated":true}]}}