{"id":141553,"date":"2025-11-06T10:59:09","date_gmt":"2025-11-06T10:59:09","guid":{"rendered":"https:\/\/www.europesays.com\/pt\/141553\/"},"modified":"2025-11-06T10:59:09","modified_gmt":"2025-11-06T10:59:09","slug":"estamos-a-analisar-70-processos-aima-notifica-milhares-de-estrangeiros-para-regularizarem-a-situacao","status":"publish","type":"post","link":"https:\/\/www.europesays.com\/pt\/141553\/","title":{"rendered":"&#8220;Estamos a analisar 70 processos&#8221;. AIMA notifica milhares de estrangeiros para regularizarem a situa\u00e7\u00e3o"},"content":{"rendered":"<p>&#13;<br \/>\nMuitos s\u00e3o africanos &#8211; nigerianos, argelinos e angolanos -, entre outras nacionalidades. O vogal do conselho diretivo da AIMA, Paulo Henriques, explicou o que est\u00e1 a acontecer.&#13;\n<\/p>\n<p>&#13;<br \/>\n&#8220;N\u00f3s s\u00f3 estamos a aplicar o que est\u00e1 na legisla\u00e7\u00e3o. Naturalmente que alguns destes estudantes, n\u00e3o sendo ucranianos, est\u00e3o a ser notificados de que aquela prote\u00e7\u00e3o n\u00e3o pode ser obtida porque a resolu\u00e7\u00e3o do Conselho de Ministros veio alterar as condi\u00e7\u00f5es&#8221;, disse, acrescentando que &#8220;<b>n\u00e3o significa que as pessoas tenham que abandonar territ\u00f3rio nacional<\/b>, significa apenas que o estatuto de prote\u00e7\u00e3o tempor\u00e1ria n\u00e3o pode ser aplicada \u00e0quelas pessoas&#8221;.&#13;\n<\/p>\n<p>&#13;<br \/>\nSegundo Paulo Henriques, &#8220;<b>mantendo-se a estudar, mantendo-se ligados a um estabelecimento de ensino superior, podem sempre regularizar a perman\u00eancia em territ\u00f3rio nacional atrav\u00e9s do estatuto de estudante<\/b> do ensino superior&#8221;.&#13;\n<\/p>\n<p>          <img decoding=\"async\" itemprop=\"image\" class=\"img-fluid\"   src=\"https:\/\/www.europesays.com\/pt\/wp-content\/uploads\/2025\/11\/1762426748_905_bg_playeraudio_5.jpg\"\/><\/p>\n<p>&#13;<br \/>\nEm declara\u00e7\u00f5es \u00e0 r\u00e1dio p\u00fablica, Paulo Henriques esclareceu que, neste momento, existem 70 processos por resolver.&#13;\n<\/p>\n<p>&#13;<br \/>\nDe acordo com o vogal do conselho diretivo da AIMA, &#8220;foram alguns milhares notificados, mas sei que n\u00f3s <b>estamos a analisar 70 processos<\/b>&#8220;, acrescentando que &#8220;todos aqueles que deixaram de beneficiar por altera\u00e7\u00e3o da legisla\u00e7\u00e3o foram notificados. Uns seriam estudantes outros n\u00e3o&#8221;, concluiu.&#13;\n<\/p>\n<p>          <img decoding=\"async\" itemprop=\"image\" class=\"img-fluid\"   src=\"https:\/\/www.europesays.com\/pt\/wp-content\/uploads\/2025\/11\/1762426749_407_bg_playeraudio_3.jpg\"\/><\/p>\n<p>Paulo Henriques, vogal do conselho diretivo da AIMA, em declara\u00e7\u00f5es \u00e0 margem de uma confer\u00eancia sobre imigra\u00e7\u00e3o, em Santar\u00e9m. &#13;\n            <\/p>\n","protected":false},"excerpt":{"rendered":"&#13; Muitos s\u00e3o africanos &#8211; nigerianos, argelinos e angolanos -, entre outras nacionalidades. O vogal do conselho diretivo&hellip;\n","protected":false},"author":2,"featured_media":141554,"comment_status":"","ping_status":"","sticky":false,"template":"","format":"standard","meta":{"footnotes":""},"categories":[10],"tags":[27,28,15,16,14,25,26,21,22,12,13,19,20,32,23,24,33,420,421,17,18,29,30,31],"class_list":{"0":"post-141553","1":"post","2":"type-post","3":"status-publish","4":"format-standard","5":"has-post-thumbnail","7":"category-portugal","8":"tag-breaking-news","9":"tag-breakingnews","10":"tag-featured-news","11":"tag-featurednews","12":"tag-headlines","13":"tag-latest-news","14":"tag-latestnews","15":"tag-main-news","16":"tag-mainnews","17":"tag-news","18":"tag-noticias","19":"tag-noticias-principais","20":"tag-noticiasprincipais","21":"tag-portugal","22":"tag-principais-noticias","23":"tag-principaisnoticias","24":"tag-pt","25":"tag-rtp","26":"tag-rtp-noticias","27":"tag-top-stories","28":"tag-topstories","29":"tag-ultimas","30":"tag-ultimas-noticias","31":"tag-ultimasnoticias"},"share_on_mastodon":{"url":"https:\/\/pubeurope.com\/@pt\/115502407075018360","error":""},"_links":{"self":[{"href":"https:\/\/www.europesays.com\/pt\/wp-json\/wp\/v2\/posts\/141553","targetHints":{"allow":["GET"]}}],"collection":[{"href":"https:\/\/www.europesays.com\/pt\/wp-json\/wp\/v2\/posts"}],"about":[{"href":"https:\/\/www.europesays.com\/pt\/wp-json\/wp\/v2\/types\/post"}],"author":[{"embeddable":true,"href":"https:\/\/www.europesays.com\/pt\/wp-json\/wp\/v2\/users\/2"}],"replies":[{"embeddable":true,"href":"https:\/\/www.europesays.com\/pt\/wp-json\/wp\/v2\/comments?post=141553"}],"version-history":[{"count":0,"href":"https:\/\/www.europesays.com\/pt\/wp-json\/wp\/v2\/posts\/141553\/revisions"}],"wp:featuredmedia":[{"embeddable":true,"href":"https:\/\/www.europesays.com\/pt\/wp-json\/wp\/v2\/media\/141554"}],"wp:attachment":[{"href":"https:\/\/www.europesays.com\/pt\/wp-json\/wp\/v2\/media?parent=141553"}],"wp:term":[{"taxonomy":"category","embeddable":true,"href":"https:\/\/www.europesays.com\/pt\/wp-json\/wp\/v2\/categories?post=141553"},{"taxonomy":"post_tag","embeddable":true,"href":"https:\/\/www.europesays.com\/pt\/wp-json\/wp\/v2\/tags?post=141553"}],"curies":[{"name":"wp","href":"https:\/\/api.w.org\/{rel}","templated":true}]}}