{"id":141567,"date":"2025-11-06T11:13:07","date_gmt":"2025-11-06T11:13:07","guid":{"rendered":"https:\/\/www.europesays.com\/pt\/141567\/"},"modified":"2025-11-06T11:13:07","modified_gmt":"2025-11-06T11:13:07","slug":"em-tempo-noticias-o-portal-de-noticias-de-turismo-e-negocios-de-alagoas","status":"publish","type":"post","link":"https:\/\/www.europesays.com\/pt\/141567\/","title":{"rendered":"Em Tempo Not\u00edcias | O portal de not\u00edcias de Turismo e Neg\u00f3cios de Alagoas"},"content":{"rendered":"<p>A Secretaria de Estado da Sa\u00fade (Sesau) emitiu um novo alerta \u00e0 popula\u00e7\u00e3o alagoana sobre as medidas preventivas contra as arboviroses, que s\u00e3o doen\u00e7as transmitidas pelo Aedes aegypti. As mais comuns no Brasil s\u00e3o a dengue, zika e chikungunya, segundo o Minist\u00e9rio da Sa\u00fade.<\/p>\n<p>\u00a0<\/p>\n<p>Segundo o supervisor de endemias da Sesau, Paulo Prot\u00e1sio, uma das medidas importantes \u00e9 evitar a \u00e1gua parada, onde os mosquitos se reproduzem. \u201cEvitar nas resid\u00eancias o ac\u00famulo de garrafas vazias, pneus, vasos de plantas e baldes s\u00e3o provid\u00eancias simples que podem garantir a seguran\u00e7a e bem-estar de todos\u201d, destacou.<\/p>\n<p>\u00a0<\/p>\n<p>O supervisor de endemias da Sesau refor\u00e7ou, ainda, que as a\u00e7\u00f5es preventivas s\u00e3o cruciais, especialmente em per\u00edodos chuvosos e de calor, quando a prolifera\u00e7\u00e3o do mosquito \u00e9 mais acentuada. &#8220;Em momentos como agora, na primavera, temos dias que chove e faz sol, criando um ambiente prop\u00edcio \u00e0 prolifera\u00e7\u00e3o do Aedes aegypti. Por isso, temos que redobrar a aten\u00e7\u00e3o para evitar os criadouros do mosquito&#8221;, enfatizou.<\/p>\n<p>\u00a0<br \/>Dados da arboviroses<\/p>\n<p>\u00a0<br \/>Alagoas registrou, no per\u00edodo de janeiro a outubro deste ano, 7.103 casos prov\u00e1veis de dengue. Os casos de zika foram 37, e os de chikungunya 3.232. H\u00e1 o registro de uma morte por dengue<\/p>\n","protected":false},"excerpt":{"rendered":"A Secretaria de Estado da Sa\u00fade (Sesau) emitiu um novo alerta \u00e0 popula\u00e7\u00e3o alagoana sobre as medidas preventivas&hellip;\n","protected":false},"author":2,"featured_media":141568,"comment_status":"","ping_status":"","sticky":false,"template":"","format":"standard","meta":{"footnotes":""},"categories":[86],"tags":[9012,315,754,116,1428,15040,834,13,32,33,117,15047,1456],"class_list":{"0":"post-141567","1":"post","2":"type-post","3":"status-publish","4":"format-standard","5":"has-post-thumbnail","7":"category-saude","8":"tag-alagoas","9":"tag-cultura","10":"tag-gastronomia","11":"tag-health","12":"tag-jornalismo","13":"tag-maceio","14":"tag-negocios","15":"tag-noticias","16":"tag-portugal","17":"tag-pt","18":"tag-saude","19":"tag-sertao","20":"tag-turismo"},"share_on_mastodon":{"url":"https:\/\/pubeurope.com\/@pt\/115502461978440980","error":""},"_links":{"self":[{"href":"https:\/\/www.europesays.com\/pt\/wp-json\/wp\/v2\/posts\/141567","targetHints":{"allow":["GET"]}}],"collection":[{"href":"https:\/\/www.europesays.com\/pt\/wp-json\/wp\/v2\/posts"}],"about":[{"href":"https:\/\/www.europesays.com\/pt\/wp-json\/wp\/v2\/types\/post"}],"author":[{"embeddable":true,"href":"https:\/\/www.europesays.com\/pt\/wp-json\/wp\/v2\/users\/2"}],"replies":[{"embeddable":true,"href":"https:\/\/www.europesays.com\/pt\/wp-json\/wp\/v2\/comments?post=141567"}],"version-history":[{"count":0,"href":"https:\/\/www.europesays.com\/pt\/wp-json\/wp\/v2\/posts\/141567\/revisions"}],"wp:featuredmedia":[{"embeddable":true,"href":"https:\/\/www.europesays.com\/pt\/wp-json\/wp\/v2\/media\/141568"}],"wp:attachment":[{"href":"https:\/\/www.europesays.com\/pt\/wp-json\/wp\/v2\/media?parent=141567"}],"wp:term":[{"taxonomy":"category","embeddable":true,"href":"https:\/\/www.europesays.com\/pt\/wp-json\/wp\/v2\/categories?post=141567"},{"taxonomy":"post_tag","embeddable":true,"href":"https:\/\/www.europesays.com\/pt\/wp-json\/wp\/v2\/tags?post=141567"}],"curies":[{"name":"wp","href":"https:\/\/api.w.org\/{rel}","templated":true}]}}