{"id":141571,"date":"2025-11-06T11:16:19","date_gmt":"2025-11-06T11:16:19","guid":{"rendered":"https:\/\/www.europesays.com\/pt\/141571\/"},"modified":"2025-11-06T11:16:19","modified_gmt":"2025-11-06T11:16:19","slug":"cobrou-14-mil-euros-a-seis-clientes-mas-nao-lhes-instalou-as-caldeiras-e-paineis-solares","status":"publish","type":"post","link":"https:\/\/www.europesays.com\/pt\/141571\/","title":{"rendered":"Cobrou 14 mil euros a seis clientes mas n\u00e3o lhes instalou as caldeiras e pain\u00e9is solares"},"content":{"rendered":"<p data-remotead-prev-elm=\"true\" data-remotead-elm-id=\"inread\">A acusa\u00e7\u00e3o refere que, em 2019, Bruno Maciel &#8220;decidiu obter ganhos atrav\u00e9s da publicita\u00e7\u00e3o, na internet, de servi\u00e7os, venda e instala\u00e7\u00e3o de material, designadamente caldeiras, aquecimento central, pain\u00e9is solares, bombas de calor e baterias, que cobrava aos seus clientes sem, no entanto, ter chegado a efetu\u00e1-los&#8221;.<\/p>\n<p>Dizendo-se &#8220;n\u00famero um em repara\u00e7\u00f5es ao domic\u00edlio&#8221;, criou uma empresa de instala\u00e7\u00e3o de aquecimento central, a BricoMaciel, Lda, e apresentou-se, ainda, como funcion\u00e1rio de uma outra firma do ramo.<\/p>\n<p>A primeira v\u00edtima foi uma mulher de Tamel, Barcelos, que o contactou a pedir pre\u00e7o para instala\u00e7\u00e3o de aquecimento central a g\u00e1s natural. O arguido foi a casa dela, fez um or\u00e7amento de 3674 euros mas pediu dois mil adiantados para comprar material, tendo dito que n\u00e3o aceitava que o pagamento fosse efetuado por cheque ou transfer\u00eancia banc\u00e1ria. E o pagamento foi feito em numer\u00e1rio. Em junho, pediu-lhe mais 500 euros. E foi duas vezes a casa da &#8220;cliente&#8221; para tirar medidas e colocar uns tubos, mas depois n\u00e3o voltou e n\u00e3o respondeu aos telefonemas.<\/p>\n<p data-remotead-prev-elm=\"true\" data-remotead-elm-id=\"centro1\">Em agosto, outro cliente, de Esposende, ficou sem 2460 euros. O acusado chegou a dizer-lhe, por duas vezes, que o funcion\u00e1rio &#8220;ia a caminho&#8221;. Depois, prometeu que devolvia o dinheiro, mas nunca mais lhe respondeu.<\/p>\n<p>A um terceiro, em Pa\u00e7os de Brand\u00e3o, disse que ia substituir a caldeira, com custo de 1750 euros. Ficou com o dinheiro.<\/p>\n<p>Em 2022, burlou uma mulher da Trofa, que tinha uma avaria na caldeira, cobrando 2150 euros e ainda a convenceu a entregar-lhe mais 1150, ao todo 3300 euros.<\/p>\n<p data-remotead-prev-elm=\"true\" data-remotead-elm-id=\"centro2\">Outro lesado foi um cidad\u00e3o de Aveleda, Braga, que, em mar\u00e7o de 2022, pagou 3450 euros para a instala\u00e7\u00e3o de pain\u00e9is solares, bomba de calor e baterias.<\/p>\n<p>Em setembro, enganou um homem de Santa Marta de Bouro, em Amares, que lhe entregou 2150 euros.<\/p>\n","protected":false},"excerpt":{"rendered":"A acusa\u00e7\u00e3o refere que, em 2019, Bruno Maciel &#8220;decidiu obter ganhos atrav\u00e9s da publicita\u00e7\u00e3o, na internet, de servi\u00e7os,&hellip;\n","protected":false},"author":2,"featured_media":107955,"comment_status":"","ping_status":"","sticky":false,"template":"","format":"standard","meta":{"footnotes":""},"categories":[83],"tags":[5015,88,89,90,5607,603,32,33],"class_list":{"0":"post-141571","1":"post","2":"type-post","3":"status-publish","4":"format-standard","5":"has-post-thumbnail","7":"category-empresas","8":"tag-burla","9":"tag-business","10":"tag-economy","11":"tag-empresas","12":"tag-julgamento","13":"tag-justica","14":"tag-portugal","15":"tag-pt"},"share_on_mastodon":{"url":"https:\/\/pubeurope.com\/@pt\/115502473795013029","error":""},"_links":{"self":[{"href":"https:\/\/www.europesays.com\/pt\/wp-json\/wp\/v2\/posts\/141571","targetHints":{"allow":["GET"]}}],"collection":[{"href":"https:\/\/www.europesays.com\/pt\/wp-json\/wp\/v2\/posts"}],"about":[{"href":"https:\/\/www.europesays.com\/pt\/wp-json\/wp\/v2\/types\/post"}],"author":[{"embeddable":true,"href":"https:\/\/www.europesays.com\/pt\/wp-json\/wp\/v2\/users\/2"}],"replies":[{"embeddable":true,"href":"https:\/\/www.europesays.com\/pt\/wp-json\/wp\/v2\/comments?post=141571"}],"version-history":[{"count":0,"href":"https:\/\/www.europesays.com\/pt\/wp-json\/wp\/v2\/posts\/141571\/revisions"}],"wp:featuredmedia":[{"embeddable":true,"href":"https:\/\/www.europesays.com\/pt\/wp-json\/wp\/v2\/media\/107955"}],"wp:attachment":[{"href":"https:\/\/www.europesays.com\/pt\/wp-json\/wp\/v2\/media?parent=141571"}],"wp:term":[{"taxonomy":"category","embeddable":true,"href":"https:\/\/www.europesays.com\/pt\/wp-json\/wp\/v2\/categories?post=141571"},{"taxonomy":"post_tag","embeddable":true,"href":"https:\/\/www.europesays.com\/pt\/wp-json\/wp\/v2\/tags?post=141571"}],"curies":[{"name":"wp","href":"https:\/\/api.w.org\/{rel}","templated":true}]}}