{"id":141574,"date":"2025-11-06T11:18:55","date_gmt":"2025-11-06T11:18:55","guid":{"rendered":"https:\/\/www.europesays.com\/pt\/141574\/"},"modified":"2025-11-06T11:18:55","modified_gmt":"2025-11-06T11:18:55","slug":"governo-aprova-nova-lei-da-ciberseguranca-para-portugal","status":"publish","type":"post","link":"https:\/\/www.europesays.com\/pt\/141574\/","title":{"rendered":"Governo aprova nova lei da CiberSeguran\u00e7a para Portugal"},"content":{"rendered":"<p>A NIS2, adotada a n\u00edvel europeu em 2022, refor\u00e7a o quadro legal da ciberseguran\u00e7a nos Estados-Membros, impondo novas obriga\u00e7\u00f5es a entidades p\u00fablicas e privadas consideradas cr\u00edticas. Em Portugal a transposi\u00e7\u00e3o para a lei nacional j\u00e1 tinha sido aprovada na Assembleia da Rep\u00fablica e hoje foi aprovada pelo Governo.<\/p>\n<p><a target=\"_blank\" href=\"https:\/\/pplware.sapo.pt\/wp-content\/uploads\/2025\/07\/amaro_00.jpg\" onclick=\"refreshIframe()\" class=\"foobox\" rel=\"nofollow noopener\"><img fetchpriority=\"high\" decoding=\"async\" src=\"https:\/\/www.europesays.com\/pt\/wp-content\/uploads\/2025\/11\/amaro_00-720x405.jpg\" alt=\"\" width=\"720\" height=\"405\" class=\"aligncenter size-medium wp-image-1066345\"  \/><\/a><\/p>\n<p>Nova lei vem tamb\u00e9m regular o hacking \u00e9tico<\/p>\n<p>O novo regime de ciberseguran\u00e7a foi finalmente aprovado pelo Governo. Ap\u00f3s a autoriza\u00e7\u00e3o legislativa concedida pelo Parlamento, o Executivo ratificou o decreto\u2010lei que transp\u00f5e para Portugal a diretiva europeia conhecida por NIS2.<\/p>\n<p>Segundo Ant\u00f3nio Leit\u00e3o Amaro, ministro da Presid\u00eancia, este novo enquadramento foi apresentado no in\u00edcio do ano, mas o processo legislativo teve de ser interrompido por causa das elei\u00e7\u00f5es. Agora foi conclu\u00eddo com a aprova\u00e7\u00e3o do decreto\u2010lei. Segundo o ministro, &#8220;\u00e9 um decreto-lei que\u00a0<strong>dotar\u00e1 Portugal de um regime dos mais desenvolvidos, dos mais modernos, mas tamb\u00e9m mais eficientes economicamente, dos pa\u00edses da Uni\u00e3o Europeia\u201d<\/strong><\/p>\n<p>O processo de transposi\u00e7\u00e3o esteve em consulta p\u00fablica no final de 2024, recebendo 148 contributos de entidades nacionais. A proposta inicial foi apresentada a 6 de fevereiro de 2025, mas acabou suspensa com a rejei\u00e7\u00e3o da mo\u00e7\u00e3o de confian\u00e7a do Governo em mar\u00e7o. S\u00f3 em 3 de julho o Conselho de Ministros voltou a aprovar o regime, descrito pelo Executivo como mais exigente, mas \u201cflex\u00edvel e simples\u201d.<\/p>\n<p><a target=\"_blank\" href=\"https:\/\/www.europesays.com\/pt\/wp-content\/uploads\/2025\/11\/NIS_00-720x405-2.jpeg\" onclick=\"refreshIframe()\" class=\"foobox\"><img loading=\"lazy\" decoding=\"async\" src=\"https:\/\/www.europesays.com\/pt\/wp-content\/uploads\/2025\/11\/NIS_00-720x405-2.jpeg\" alt=\"\" width=\"720\" height=\"405\" class=\"aligncenter size-full wp-image-1086926\"  \/><\/a><\/p>\n<p>Principais medidas do novo regime de ciberseguran\u00e7a (NIS2)<\/p>\n<ul>\n<li>Refor\u00e7o das compet\u00eancias do Centro Nacional de Ciberseguran\u00e7a (CNCS);<\/li>\n<li>Defini\u00e7\u00e3o de novas obriga\u00e7\u00f5es para entidades essenciais e digitais (seguindo as diretivas NIS2 da UE);<\/li>\n<li>Cria\u00e7\u00e3o de procedimentos uniformes para gest\u00e3o de incidentes, reporte e comunica\u00e7\u00e3o;<\/li>\n<li>Maior integra\u00e7\u00e3o com outros regulamentos, como RGPD e Diretiva CER.<\/li>\n<li>Regular tamb\u00e9m o hacking \u00e9tico e estabelecer um mecanismo para excluir \u201cfornecedores de risco\u201d das redes de telecomunica\u00e7\u00f5es.<\/li>\n<\/ul>\n<p>Este novo regime tem como principal objetivo\u00a0<strong>refor\u00e7ar a seguran\u00e7a digital nacional, criando regras mais claras para empresas e organismos p\u00fablicos<\/strong>. Al\u00e9m disso, visa tamb\u00e9m\u00a0<strong>simplificar procedimentos burocr\u00e1ticos, alinhando-se com a estrat\u00e9gia de redu\u00e7\u00e3o de burocracia anunciada recentemente.<\/strong><\/p>\n<p>\ufeff<\/p>\n","protected":false},"excerpt":{"rendered":"A NIS2, adotada a n\u00edvel europeu em 2022, refor\u00e7a o quadro legal da ciberseguran\u00e7a nos Estados-Membros, impondo novas&hellip;\n","protected":false},"author":2,"featured_media":141575,"comment_status":"","ping_status":"","sticky":false,"template":"","format":"standard","meta":{"footnotes":""},"categories":[10],"tags":[27,28,15,16,14,25,26,21,22,12,28218,13,19,20,32,23,24,33,17,18,29,30,31],"class_list":{"0":"post-141574","1":"post","2":"type-post","3":"status-publish","4":"format-standard","5":"has-post-thumbnail","7":"category-portugal","8":"tag-breaking-news","9":"tag-breakingnews","10":"tag-featured-news","11":"tag-featurednews","12":"tag-headlines","13":"tag-latest-news","14":"tag-latestnews","15":"tag-main-news","16":"tag-mainnews","17":"tag-news","18":"tag-nis2","19":"tag-noticias","20":"tag-noticias-principais","21":"tag-noticiasprincipais","22":"tag-portugal","23":"tag-principais-noticias","24":"tag-principaisnoticias","25":"tag-pt","26":"tag-top-stories","27":"tag-topstories","28":"tag-ultimas","29":"tag-ultimas-noticias","30":"tag-ultimasnoticias"},"share_on_mastodon":{"url":"https:\/\/pubeurope.com\/@pt\/115502485905925707","error":""},"_links":{"self":[{"href":"https:\/\/www.europesays.com\/pt\/wp-json\/wp\/v2\/posts\/141574","targetHints":{"allow":["GET"]}}],"collection":[{"href":"https:\/\/www.europesays.com\/pt\/wp-json\/wp\/v2\/posts"}],"about":[{"href":"https:\/\/www.europesays.com\/pt\/wp-json\/wp\/v2\/types\/post"}],"author":[{"embeddable":true,"href":"https:\/\/www.europesays.com\/pt\/wp-json\/wp\/v2\/users\/2"}],"replies":[{"embeddable":true,"href":"https:\/\/www.europesays.com\/pt\/wp-json\/wp\/v2\/comments?post=141574"}],"version-history":[{"count":0,"href":"https:\/\/www.europesays.com\/pt\/wp-json\/wp\/v2\/posts\/141574\/revisions"}],"wp:featuredmedia":[{"embeddable":true,"href":"https:\/\/www.europesays.com\/pt\/wp-json\/wp\/v2\/media\/141575"}],"wp:attachment":[{"href":"https:\/\/www.europesays.com\/pt\/wp-json\/wp\/v2\/media?parent=141574"}],"wp:term":[{"taxonomy":"category","embeddable":true,"href":"https:\/\/www.europesays.com\/pt\/wp-json\/wp\/v2\/categories?post=141574"},{"taxonomy":"post_tag","embeddable":true,"href":"https:\/\/www.europesays.com\/pt\/wp-json\/wp\/v2\/tags?post=141574"}],"curies":[{"name":"wp","href":"https:\/\/api.w.org\/{rel}","templated":true}]}}