{"id":141605,"date":"2025-11-06T11:45:09","date_gmt":"2025-11-06T11:45:09","guid":{"rendered":"https:\/\/www.europesays.com\/pt\/141605\/"},"modified":"2025-11-06T11:45:09","modified_gmt":"2025-11-06T11:45:09","slug":"encontrados-cinco-alpinistas-que-estavam-desaparecidos-apos-avalanche-no-nepal","status":"publish","type":"post","link":"https:\/\/www.europesays.com\/pt\/141605\/","title":{"rendered":"Encontrados cinco alpinistas que estavam desaparecidos ap\u00f3s avalanche no Nepal"},"content":{"rendered":"<p data-remotead-prev-elm=\"true\" data-remotead-elm-id=\"inread\">&#8220;Neste momento, as autoridades locais confirmaram a <strong>morte de tr\u00eas alpinistas italianos<\/strong>&#8220;, afirmou o Minist\u00e9rio dos Neg\u00f3cios Estrangeiros de It\u00e1lia num comunicado de imprensa, acrescentando que os corpos foram recuperados: dois na zona do pico Manaslu e o terceiro levado para um hospital para estrangeiros.<\/p>\n<p>Os falecidos s\u00e3o um instrutor de esqui de 28 anos de Mil\u00e3o (norte de It\u00e1lia) e um arborista de 50 anos de Bassano del Grappa (norte de It\u00e1lia), que morreram na sexta-feira ao serem atingidos por uma avalanche enquanto escalavam o Panbari Himal, uma montanha de 6887 metros nos Himalaias nepaleses.<\/p>\n<p>Um terceiro alpinista morreu noutra avalanche na segunda-feira no pico Yalung Ri, a 5630 metros de altitude, onde se encontravam v\u00e1rios grupos de expedi\u00e7\u00f5es internacionais.<\/p>\n<blockquote data-type=\"articles\" data-id=\"related-article-18015971\"><p>\n              <strong>Leia tamb\u00e9m <\/strong><br \/>\n              <a href=\"https:\/\/www.jn.pt\/mundo\/artigo\/sete-mortos-e-cinco-resgatados-com-vida-apos-avalancha-no-nepal\/18015971\" rel=\"nofollow noopener\" target=\"_blank\">Nove pessoas morreram ap\u00f3s avalancha e tempestades de neve no Nepal<\/a>\n            <\/p><\/blockquote>\n<p data-remotead-prev-elm=\"true\" data-remotead-elm-id=\"centro1\">O Minist\u00e9rio dos Neg\u00f3cios Estrangeiros italiano adiantou que continuam as buscas por dois desaparecidos, Marco Di Marcello e Markus Kirchler, embora as suas hip\u00f3teses de sobreviv\u00eancia sejam m\u00ednimas.<\/p>\n<p>O grupo de cinco alpinistas que estavam desaparecidos h\u00e1 v\u00e1rios dias entraram hoje em contacto, informando que estavam bem e iam continuar o seu programa, regressando a Katamndu no dia 8 de novembro.<\/p>\n<p>O c\u00f4nsul-geral de It\u00e1lia em Calcut\u00e1, respons\u00e1vel pelo Nepal, chegou a Katmandu na quarta-feira para coordenar as a\u00e7\u00f5es com as autoridades locais e as equipas de busca.<\/p>\n<p>As avalanches, provocadas pela forte queda de neve e pelo terreno inst\u00e1vel, fizeram pelo menos <strong>sete mortos confirmados<\/strong>, incluindo v\u00e1rios estrangeiros.<\/p>\n","protected":false},"excerpt":{"rendered":"&#8220;Neste momento, as autoridades locais confirmaram a morte de tr\u00eas alpinistas italianos&#8220;, afirmou o Minist\u00e9rio dos Neg\u00f3cios Estrangeiros&hellip;\n","protected":false},"author":2,"featured_media":141606,"comment_status":"","ping_status":"","sticky":false,"template":"","format":"standard","meta":{"footnotes":""},"categories":[50],"tags":[4120,27,28,15,16,14,25,26,21,22,62,11875,12,13,19,20,23,24,17,18,29,30,31,63,64,65],"class_list":{"0":"post-141605","1":"post","2":"type-post","3":"status-publish","4":"format-standard","5":"has-post-thumbnail","7":"category-mundo","8":"tag-alpinismo","9":"tag-breaking-news","10":"tag-breakingnews","11":"tag-featured-news","12":"tag-featurednews","13":"tag-headlines","14":"tag-latest-news","15":"tag-latestnews","16":"tag-main-news","17":"tag-mainnews","18":"tag-mundo","19":"tag-nepal","20":"tag-news","21":"tag-noticias","22":"tag-noticias-principais","23":"tag-noticiasprincipais","24":"tag-principais-noticias","25":"tag-principaisnoticias","26":"tag-top-stories","27":"tag-topstories","28":"tag-ultimas","29":"tag-ultimas-noticias","30":"tag-ultimasnoticias","31":"tag-world","32":"tag-world-news","33":"tag-worldnews"},"share_on_mastodon":{"url":"https:\/\/pubeurope.com\/@pt\/115502587790794465","error":""},"_links":{"self":[{"href":"https:\/\/www.europesays.com\/pt\/wp-json\/wp\/v2\/posts\/141605","targetHints":{"allow":["GET"]}}],"collection":[{"href":"https:\/\/www.europesays.com\/pt\/wp-json\/wp\/v2\/posts"}],"about":[{"href":"https:\/\/www.europesays.com\/pt\/wp-json\/wp\/v2\/types\/post"}],"author":[{"embeddable":true,"href":"https:\/\/www.europesays.com\/pt\/wp-json\/wp\/v2\/users\/2"}],"replies":[{"embeddable":true,"href":"https:\/\/www.europesays.com\/pt\/wp-json\/wp\/v2\/comments?post=141605"}],"version-history":[{"count":0,"href":"https:\/\/www.europesays.com\/pt\/wp-json\/wp\/v2\/posts\/141605\/revisions"}],"wp:featuredmedia":[{"embeddable":true,"href":"https:\/\/www.europesays.com\/pt\/wp-json\/wp\/v2\/media\/141606"}],"wp:attachment":[{"href":"https:\/\/www.europesays.com\/pt\/wp-json\/wp\/v2\/media?parent=141605"}],"wp:term":[{"taxonomy":"category","embeddable":true,"href":"https:\/\/www.europesays.com\/pt\/wp-json\/wp\/v2\/categories?post=141605"},{"taxonomy":"post_tag","embeddable":true,"href":"https:\/\/www.europesays.com\/pt\/wp-json\/wp\/v2\/tags?post=141605"}],"curies":[{"name":"wp","href":"https:\/\/api.w.org\/{rel}","templated":true}]}}