{"id":141607,"date":"2025-11-06T11:57:11","date_gmt":"2025-11-06T11:57:11","guid":{"rendered":"https:\/\/www.europesays.com\/pt\/141607\/"},"modified":"2025-11-06T11:57:11","modified_gmt":"2025-11-06T11:57:11","slug":"blake-lively-perde-batalha-judicial-contra-empresario-reu-no-caso-de-justin-baldoni","status":"publish","type":"post","link":"https:\/\/www.europesays.com\/pt\/141607\/","title":{"rendered":"Blake Lively perde batalha judicial contra empres\u00e1rio r\u00e9u no caso de Justin Baldoni"},"content":{"rendered":"\n<p class=\" content-text__container theme-color-primary-first-letter\" data-track-category=\"Link no Texto\" data-track-links=\"\"> Blake Lively sofreu uma derrota na Justi\u00e7a nesta quarta-feira (5) em um dos desdobramentos da disputa judicial envolvendo o ator e diretor Justin Baldoni, seu colega de elenco no filme &#8220;\u00c9 Assim que Acaba&#8221;. O tribunal de Nova York rejeitou a a\u00e7\u00e3o movida pela atriz contra Jed Wallace, dono da empresa de rela\u00e7\u00f5es p\u00fablicas Street Relations, por entender que o empres\u00e1rio, residente no Texas, n\u00e3o possui conex\u00e3o suficiente com a jurisdi\u00e7\u00e3o nova-iorquina. <\/p>\n<ul class=\"content-unordered-list\">\n<li><strong>Justi\u00e7a<\/strong><a class=\"\" href=\"https:\/\/oglobo.globo.com\/cultura\/noticia\/2025\/06\/09\/justica-arquiva-acao-de-justin-baldoni-contra-blake-lively-e-ryan-reynolds-que-citava-sabotagem.ghtml\" rel=\"nofollow noopener\" target=\"_blank\"> arquiva a\u00e7\u00e3o de Justin Baldoni contra Blake Lively e Ryan Reynolds que citava sabotagem<\/a><\/li>\n<li><strong>Den\u00fancia:<\/strong> <a class=\"\" href=\"https:\/\/oglobo.globo.com\/cultura\/noticia\/2025\/02\/19\/blake-lively-diz-que-justin-baldoni-deixou-outras-duas-atrizes-desconfortaveis-no-set-de-e-assim-que-acaba.ghtml\" rel=\"nofollow noopener\" target=\"_blank\">Blake Lively diz que Justin Baldoni deixou outras duas atrizes &#8216;desconfort\u00e1veis&#8217; no set de &#8216;\u00c9 assim que acaba&#8217;<\/a><\/li>\n<\/ul>\n<p class=\" content-text__container \" data-track-category=\"Link no Texto\" data-track-links=\"\"> A atriz havia inclu\u00eddo Wallace como r\u00e9u no processo que moveu em dezembro de 2024 contra Baldoni e outros profissionais ligados \u00e0 produtora Wayfarer, acusando-os de organizar uma campanha virtual para difam\u00e1-la ap\u00f3s ela denunciar o diretor por ass\u00e9dio sexual durante as grava\u00e7\u00f5es do longa. Segundo Lively, Wallace teria sido contratado para liderar um \u201cex\u00e9rcito digital\u201d encarregado de espalhar coment\u00e1rios negativos sobre ela nas redes sociais. <\/p>\n<p>      <img decoding=\"async\" class=\"content-media__image\"  src=\"https:\/\/www.europesays.com\/pt\/wp-content\/uploads\/2025\/11\/arte-49-.png\" alt=\"Blake Lively, Ryan Reynolds e Justin Baldoni \u2014 Foto: Mike Coppola\/Getty Images via AFP e Jeenah Moon\/The New York Times\" width=\"2000\" height=\"1194\" loading=\"lazy\"\/>  Blake Lively, Ryan Reynolds e Justin Baldoni \u2014 Foto: Mike Coppola\/Getty Images via AFP e Jeenah Moon\/The New York Times       <\/p>\n<p class=\" content-text__container \" data-track-category=\"Link no Texto\" data-track-links=\"\"> Baldoni, por sua vez, negou as acusa\u00e7\u00f5es de ass\u00e9dio e processou Lively por difama\u00e7\u00e3o, a\u00e7\u00e3o que perdeu em junho de 2025. Mesmo assim, o diretor e seus representantes continuam sustentando que as alega\u00e7\u00f5es da atriz s\u00e3o infundadas. O juiz Lewis Liman j\u00e1 havia negado parte das acusa\u00e7\u00f5es contra Wallace, mas autorizou Lively a adicionar novos elementos que pudessem vincular o empres\u00e1rio ao caso. <\/p>\n<p class=\" content-text__container \" data-track-category=\"Link no Texto\" data-track-links=\"\"> Agora, com a decis\u00e3o desta semana, a Justi\u00e7a determinou que a atriz dever\u00e1 mover a a\u00e7\u00e3o em outra jurisdi\u00e7\u00e3o, caso deseje manter o processo contra Wallace. \u201cO Tribunal decidiu que as alega\u00e7\u00f5es da Sra. Lively podem e devem ser apresentadas em um tribunal diferente\u201d, afirmou um porta-voz da atriz em comunicado, refor\u00e7ando que ela pretende seguir com as acusa\u00e7\u00f5es contra Baldoni e outros r\u00e9us em mar\u00e7o de 2026, em Nova York. <\/p>\n<p class=\" content-text__container \" data-track-category=\"Link no Texto\" data-track-links=\"\"> J\u00e1 a defesa de Baldoni comemorou a decis\u00e3o. \u201cAs alega\u00e7\u00f5es contra o Sr. Wallace nunca pertenceram a este tribunal. Elas s\u00e3o infundadas, e todas as acusa\u00e7\u00f5es contra ele foram rejeitadas\u201d, disse o advogado Bryan Freedman. Enquanto isso, o empres\u00e1rio mant\u00e9m uma a\u00e7\u00e3o de US$ 6 milh\u00f5es contra Lively por difama\u00e7\u00e3o, alegando ter sofrido preju\u00edzos financeiros e danos \u00e0 sua reputa\u00e7\u00e3o ap\u00f3s ser inclu\u00eddo no processo. <\/p>\n<p class=\" content-text__container \" data-track-category=\"Link no Texto\" data-track-links=\"\"> Nos autos apresentados por Lively, mensagens trocadas entre publicistas em agosto de 2024 mencionam Wallace como participante de uma \u201ccampanha de \u00f3dio\u201d no Reddit contra a atriz. Ele nega qualquer envolvimento e aguarda o julgamento de seu processo contra Lively, que ainda n\u00e3o tem data definida. <\/p>\n","protected":false},"excerpt":{"rendered":"Blake Lively sofreu uma derrota na Justi\u00e7a nesta quarta-feira (5) em um dos desdobramentos da disputa judicial envolvendo&hellip;\n","protected":false},"author":2,"featured_media":141608,"comment_status":"","ping_status":"","sticky":false,"template":"","format":"standard","meta":{"footnotes":""},"categories":[145],"tags":[211,210,114,115,319,32,33,318],"class_list":{"0":"post-141607","1":"post","2":"type-post","3":"status-publish","4":"format-standard","5":"has-post-thumbnail","7":"category-celebridades","8":"tag-celebridades","9":"tag-celebrities","10":"tag-entertainment","11":"tag-entretenimento","12":"tag-hard-news","13":"tag-portugal","14":"tag-pt","15":"tag-radar"},"share_on_mastodon":{"url":"https:\/\/pubeurope.com\/@pt\/115502635264362959","error":""},"_links":{"self":[{"href":"https:\/\/www.europesays.com\/pt\/wp-json\/wp\/v2\/posts\/141607","targetHints":{"allow":["GET"]}}],"collection":[{"href":"https:\/\/www.europesays.com\/pt\/wp-json\/wp\/v2\/posts"}],"about":[{"href":"https:\/\/www.europesays.com\/pt\/wp-json\/wp\/v2\/types\/post"}],"author":[{"embeddable":true,"href":"https:\/\/www.europesays.com\/pt\/wp-json\/wp\/v2\/users\/2"}],"replies":[{"embeddable":true,"href":"https:\/\/www.europesays.com\/pt\/wp-json\/wp\/v2\/comments?post=141607"}],"version-history":[{"count":0,"href":"https:\/\/www.europesays.com\/pt\/wp-json\/wp\/v2\/posts\/141607\/revisions"}],"wp:featuredmedia":[{"embeddable":true,"href":"https:\/\/www.europesays.com\/pt\/wp-json\/wp\/v2\/media\/141608"}],"wp:attachment":[{"href":"https:\/\/www.europesays.com\/pt\/wp-json\/wp\/v2\/media?parent=141607"}],"wp:term":[{"taxonomy":"category","embeddable":true,"href":"https:\/\/www.europesays.com\/pt\/wp-json\/wp\/v2\/categories?post=141607"},{"taxonomy":"post_tag","embeddable":true,"href":"https:\/\/www.europesays.com\/pt\/wp-json\/wp\/v2\/tags?post=141607"}],"curies":[{"name":"wp","href":"https:\/\/api.w.org\/{rel}","templated":true}]}}