{"id":141614,"date":"2025-11-06T12:03:12","date_gmt":"2025-11-06T12:03:12","guid":{"rendered":"https:\/\/www.europesays.com\/pt\/141614\/"},"modified":"2025-11-06T12:03:12","modified_gmt":"2025-11-06T12:03:12","slug":"portugal-e-franca-empatam-em-jogo-historico","status":"publish","type":"post","link":"https:\/\/www.europesays.com\/pt\/141614\/","title":{"rendered":"Portugal e Fran\u00e7a empatam em jogo hist\u00f3rico"},"content":{"rendered":"<p>&#8211; Advertisement &#8211;<\/p>\n<p><strong>Portugal e Fran\u00e7a empataram 2-2 uma partida hist\u00f3rica, pois foi primeiro jogo da hist\u00f3ria do escal\u00e3o de Sub-23, criado recentemente para substituir os Sub-21.<\/strong><\/p>\n<p><a href=\"https:\/\/bolanarede.pt\/categoria\/internacional\/selecoes-nacionais\/selecao-nacional\/\" target=\"_blank\" rel=\"noreferrer noopener nofollow\">A sele\u00e7\u00e3o nacional<\/a> de Sub-23 empatou frente \u00e0 Fran\u00e7a por 2-2, no Pavilh\u00e3o dos Desportos de Vila Real, naquele que foi o primeiro jogo da hist\u00f3ria deste novo escal\u00e3o, criado recentemente para substituir os Sub-21.<\/p>\n<p>Os golos da equipa das quinas foram apontados por Lu\u00eds Fernandes e Pedro Santos. Para a equipa gaulesa marcaram Marouane Rezzoug e Lahcen Asname. <\/p>\n<p>No final, o capit\u00e3o Rafael Freire reconheceu a qualidade do advers\u00e1rio.<\/p>\n<p>\u00abSab\u00edamos que ia ser uma partida dif\u00edcil,\u00a0Fran\u00e7a tem jogadores fortes tecnicamente e s\u00e3o bons nas transi\u00e7\u00f5es, um momento do jogo onde err\u00e1mos e foi isso que ditou o empate. O nosso objetivo \u00e9 melhorar para o segundo jogo. Vamos analisar o que fizemos de positivo e negativo\u00bb, afirmou o jogador.<\/p>\n<p>O selecionador nacional, Jos\u00e9 Lu\u00eds Mendes, destacou o valor competitivo do encontro.<\/p>\n<p>\u00ab2-0 no futsal nunca \u00e9 um resultado confort\u00e1vel, mas tivemos situa\u00e7\u00f5es no final da primeira parte para ir com 3-1 ou mesmo 4-1 no marcador. Houve momentos do jogo que n\u00e3o s\u00e3o, normalmente, muito agrad\u00e1veis para os treinadores, ou seja, tornou-se um jogo inst\u00e1vel, com muita transi\u00e7\u00e3o e perdas de bola. Fran\u00e7a tem muita qualidade, assim como n\u00f3s, embora n\u00f3s tenhamos mais organiza\u00e7\u00e3o. Foi um excelente momento competitivo\u00bb, concluiu o treinador.<\/p>\n","protected":false},"excerpt":{"rendered":"&#8211; Advertisement &#8211; Portugal e Fran\u00e7a empataram 2-2 uma partida hist\u00f3rica, pois foi primeiro jogo da hist\u00f3ria do&hellip;\n","protected":false},"author":2,"featured_media":141615,"comment_status":"","ping_status":"","sticky":false,"template":"","format":"standard","meta":{"footnotes":""},"categories":[87],"tags":[260,135,208,1831,32,31404,33,134],"class_list":{"0":"post-141614","1":"post","2":"type-post","3":"status-publish","4":"format-standard","5":"has-post-thumbnail","7":"category-desporto","8":"tag-atualidade","9":"tag-desporto","10":"tag-franca","11":"tag-futsal","12":"tag-portugal","13":"tag-portugal-sub-23-futsal","14":"tag-pt","15":"tag-sports"},"share_on_mastodon":{"url":"https:\/\/pubeurope.com\/@pt\/115502659062769439","error":""},"_links":{"self":[{"href":"https:\/\/www.europesays.com\/pt\/wp-json\/wp\/v2\/posts\/141614","targetHints":{"allow":["GET"]}}],"collection":[{"href":"https:\/\/www.europesays.com\/pt\/wp-json\/wp\/v2\/posts"}],"about":[{"href":"https:\/\/www.europesays.com\/pt\/wp-json\/wp\/v2\/types\/post"}],"author":[{"embeddable":true,"href":"https:\/\/www.europesays.com\/pt\/wp-json\/wp\/v2\/users\/2"}],"replies":[{"embeddable":true,"href":"https:\/\/www.europesays.com\/pt\/wp-json\/wp\/v2\/comments?post=141614"}],"version-history":[{"count":0,"href":"https:\/\/www.europesays.com\/pt\/wp-json\/wp\/v2\/posts\/141614\/revisions"}],"wp:featuredmedia":[{"embeddable":true,"href":"https:\/\/www.europesays.com\/pt\/wp-json\/wp\/v2\/media\/141615"}],"wp:attachment":[{"href":"https:\/\/www.europesays.com\/pt\/wp-json\/wp\/v2\/media?parent=141614"}],"wp:term":[{"taxonomy":"category","embeddable":true,"href":"https:\/\/www.europesays.com\/pt\/wp-json\/wp\/v2\/categories?post=141614"},{"taxonomy":"post_tag","embeddable":true,"href":"https:\/\/www.europesays.com\/pt\/wp-json\/wp\/v2\/tags?post=141614"}],"curies":[{"name":"wp","href":"https:\/\/api.w.org\/{rel}","templated":true}]}}