{"id":141622,"date":"2025-11-06T12:09:11","date_gmt":"2025-11-06T12:09:11","guid":{"rendered":"https:\/\/www.europesays.com\/pt\/141622\/"},"modified":"2025-11-06T12:09:11","modified_gmt":"2025-11-06T12:09:11","slug":"mulher-esfaqueada-ate-a-morte-em-frente-a-escola-no-porto-atacante-atirou-se-de-viaduto","status":"publish","type":"post","link":"https:\/\/www.europesays.com\/pt\/141622\/","title":{"rendered":"Mulher esfaqueada at\u00e9 \u00e0 morte em frente a escola no Porto. Atacante atirou-se de viaduto"},"content":{"rendered":"<p>Uma mulher de 38 anos morreu na manh\u00e3 desta quinta-feira, 6 de novembro, ap\u00f3s ter sido esfaqueada na via p\u00fablica no Porto, avan\u00e7ou o Correio da Manh\u00e3.<\/p>\n<p>Segundo este jornal, o crime aconteceu cerca das 8h00, em frente \u00e0 Escola B\u00e1sica da Corujeira, na Pra\u00e7a da Corujeira.<\/p>\n<p>O homic\u00eddio foi entretanto confirmado pela PSP, que em comunicado do Comando Metropolitano do Porto, explica que o alerta para a ocorr\u00eancia se deu \u00e0s 8h18. &#8220;Foi comunicado um desentendimento entre duas pessoas, um homem de\u00a039 anos\u00a0e uma mulher de 38 anos, conhecidos entre si, desconhecendo-se de momento a rela\u00e7\u00e3o entre os mesmos, tendo o homem desferido algumas facadas na mulher, ingerindo uma subst\u00e2ncia l\u00edquida que se suspeita ser lixivia e de seguida abandonou o local&#8221;, diz esta nota de imprensa.<\/p>\n<p>A mulher foi transportada para o Hospital de S\u00e3o Jo\u00e3o, no Porto, vindo a morrer \u00e0s 09h22. <\/p>\n<p>O homem suspeito ter-se-\u00e1 atirado depois do viaduto \u201dPego Negro\u201d, junto \u00e0 Rotunda das Areias, sendo transportado para o Hospital de S\u00e3o Jo\u00e3o em estado grave.<\/p>\n<p>O caso est\u00e1 a ser investigado pela PJ.<\/p>\n","protected":false},"excerpt":{"rendered":"Uma mulher de 38 anos morreu na manh\u00e3 desta quinta-feira, 6 de novembro, ap\u00f3s ter sido esfaqueada na&hellip;\n","protected":false},"author":2,"featured_media":141623,"comment_status":"","ping_status":"","sticky":false,"template":"","format":"standard","meta":{"footnotes":""},"categories":[10],"tags":[27,28,17889,15,16,14,5564,25,26,21,22,12,13,19,20,462,32,23,24,33,17,18,29,30,31],"class_list":{"0":"post-141622","1":"post","2":"type-post","3":"status-publish","4":"format-standard","5":"has-post-thumbnail","7":"category-portugal","8":"tag-breaking-news","9":"tag-breakingnews","10":"tag-esfaqueamento","11":"tag-featured-news","12":"tag-featurednews","13":"tag-headlines","14":"tag-homicidio","15":"tag-latest-news","16":"tag-latestnews","17":"tag-main-news","18":"tag-mainnews","19":"tag-news","20":"tag-noticias","21":"tag-noticias-principais","22":"tag-noticiasprincipais","23":"tag-porto","24":"tag-portugal","25":"tag-principais-noticias","26":"tag-principaisnoticias","27":"tag-pt","28":"tag-top-stories","29":"tag-topstories","30":"tag-ultimas","31":"tag-ultimas-noticias","32":"tag-ultimasnoticias"},"share_on_mastodon":{"url":"https:\/\/pubeurope.com\/@pt\/115502682300616775","error":""},"_links":{"self":[{"href":"https:\/\/www.europesays.com\/pt\/wp-json\/wp\/v2\/posts\/141622","targetHints":{"allow":["GET"]}}],"collection":[{"href":"https:\/\/www.europesays.com\/pt\/wp-json\/wp\/v2\/posts"}],"about":[{"href":"https:\/\/www.europesays.com\/pt\/wp-json\/wp\/v2\/types\/post"}],"author":[{"embeddable":true,"href":"https:\/\/www.europesays.com\/pt\/wp-json\/wp\/v2\/users\/2"}],"replies":[{"embeddable":true,"href":"https:\/\/www.europesays.com\/pt\/wp-json\/wp\/v2\/comments?post=141622"}],"version-history":[{"count":0,"href":"https:\/\/www.europesays.com\/pt\/wp-json\/wp\/v2\/posts\/141622\/revisions"}],"wp:featuredmedia":[{"embeddable":true,"href":"https:\/\/www.europesays.com\/pt\/wp-json\/wp\/v2\/media\/141623"}],"wp:attachment":[{"href":"https:\/\/www.europesays.com\/pt\/wp-json\/wp\/v2\/media?parent=141622"}],"wp:term":[{"taxonomy":"category","embeddable":true,"href":"https:\/\/www.europesays.com\/pt\/wp-json\/wp\/v2\/categories?post=141622"},{"taxonomy":"post_tag","embeddable":true,"href":"https:\/\/www.europesays.com\/pt\/wp-json\/wp\/v2\/tags?post=141622"}],"curies":[{"name":"wp","href":"https:\/\/api.w.org\/{rel}","templated":true}]}}