{"id":141630,"date":"2025-11-06T12:15:47","date_gmt":"2025-11-06T12:15:47","guid":{"rendered":"https:\/\/www.europesays.com\/pt\/141630\/"},"modified":"2025-11-06T12:15:47","modified_gmt":"2025-11-06T12:15:47","slug":"rm-do-bts-revela-raras-fotos-em-familia-e-impressiona-fas-com-a-semelhanca-com-os-pais-e-irma","status":"publish","type":"post","link":"https:\/\/www.europesays.com\/pt\/141630\/","title":{"rendered":"RM, do BTS, revela raras fotos em fam\u00edlia e impressiona f\u00e3s com a semelhan\u00e7a com os pais e irm\u00e3"},"content":{"rendered":"<p>O l\u00edder do supergrupo de K-pop <a href=\"https:\/\/recreio.com.br\/tags\/bts\" target=\"_blank\" rel=\"noopener nofollow\">BTS<\/a>, <strong>RM<\/strong>, cujo nome de batismo \u00e9<strong> Kim Nam Joon<\/strong>, agitou as redes sociais e a imprensa mundial ao publicar em seu perfil na internet fotos in\u00e9ditas e super carinhosas de sua fam\u00edlia completa. As imagens, que mostram o idol ao lado de seus pais e sua irm\u00e3 mais nova, rapidamente se tornaram virais e geraram uma onda de coment\u00e1rios sobre a semelhan\u00e7a entre os membros da fam\u00edlia <strong>Kim<\/strong>.<\/p>\n<p>\t O tesouro de fam\u00edlia compartilhado <\/p>\n<p>Em uma a\u00e7\u00e3o que pegou os ARMYs (como s\u00e3o chamados os f\u00e3s do BTS) de surpresa e encheu seus cora\u00e7\u00f5es de alegria, <strong>RM<\/strong> compartilhou os registros nesta quarta-feira, 05, sem adicionar nenhuma legenda, deixando que a ternura das fotos falasse por si. As imagens capturam um momento de harmonia e uni\u00e3o, com toda a fam\u00edlia reunida.<\/p>\n<p>Veja:<\/p>\n<p> <img decoding=\"async\" src=\"https:\/\/www.europesays.com\/pt\/wp-content\/uploads\/2025\/11\/RM-em-foto-de-familia-2.jpg\" class=\"img-fluid lazy\"\/><\/p>\n<p>RM em foto de fam\u00edlia revelada por meio da ferramenta stories do Instagram \u2013 Reprodu\u00e7\u00e3o\/Instagram\/rkive<\/p>\n<p>    <img decoding=\"async\" src=\"https:\/\/www.europesays.com\/pt\/wp-content\/uploads\/2025\/11\/RM-em-foto-de-familia-1.jpg\" class=\"img-fluid lazy\"\/><\/p>\n<p>RM com traje social em foto de fam\u00edlia compartilhada nos stories do Instagram \u2013 Reprodu\u00e7\u00e3o\/Instagram\/rkive<\/p>\n<p>                        Previous<\/p>\n<p>                        Next<br \/>\n                     A conex\u00e3o familiar <\/p>\n<p>A conex\u00e3o familiar \u00e9 um tema recorrente na cultura K-pop e, no caso do BTS, \u00e9 frequentemente mencionada como um pilar de apoio. <a href=\"https:\/\/www.instagram.com\/rkive\/\" target=\"_blank\" rel=\"noopener nofollow\"><strong>RM<\/strong> <\/a>j\u00e1 falou publicamente sobre a relut\u00e2ncia inicial de sua m\u00e3e em rela\u00e7\u00e3o \u00e0 sua escolha de carreira musical, incentivando-o a seguir o caminho dos estudos, no qual ele se destacava. Contudo, ele persistiu e, ao longo dos anos, com o sucesso estrondoso do grupo, a fam\u00edlia sempre demonstrou apoio.<\/p>\n<p>Em momentos de folga de suas obriga\u00e7\u00f5es militares, como noticiado por ve\u00edculos como o Times Now, <strong>RM<\/strong> j\u00e1 compartilhou que passa tempo de qualidade com os pais, assistindo a apresenta\u00e7\u00f5es antigas do BTS. Esses pequenos vislumbres da vida pessoal ajudam a humanizar a figura dos idols, conectando-os ainda mais com seus milh\u00f5es de f\u00e3s em todo o mundo.<\/p>\n<p> Mais sobre Kim Nam Joon <\/p>\n<p>Para al\u00e9m dos palcos e dos recordes globais com o BTS, <strong>RM<\/strong> sempre foi conhecido por sua intelig\u00eancia, flu\u00eancia em ingl\u00eas e seu papel como porta-voz do grupo, inclusive em compromissos de grande visibilidade, como discursos na Assembleia Geral das <a href=\"https:\/\/www.un.org\/\" target=\"_blank\" rel=\"noopener nofollow\">Na\u00e7\u00f5es Unidas<\/a> e no F\u00f3rum de Coopera\u00e7\u00e3o Econ\u00f4mica \u00c1sia-Pac\u00edfico (APEC).<\/p>\n<p>Apesar de ser uma figura p\u00fablica global, o artista de 31 anos (nascido em 12 de setembro de 1994), costuma ser bastante reservado sobre sua vida pessoal, o que tornou este compartilhamento de fotos um verdadeiro presente para os f\u00e3s.<\/p>\n<p>O l\u00edder do BTS nasceu em Seul, mas foi criado em <a href=\"https:\/\/en.wikipedia.org\/wiki\/Ilsandong_District\" target=\"_blank\" rel=\"noopener nofollow\">Ilsan<\/a>, na Coreia do Sul. O rapper, que j\u00e1 teve seu visual comparado por f\u00e3s e pela imprensa, inclusive no passado, a sua m\u00e3e, demonstrou o quanto a beleza e o carisma s\u00e3o caracter\u00edsticas fortes e vis\u00edveis em toda a sua fam\u00edlia.<\/p>\n<p>\t                                            <script async src=\"\/\/www.instagram.com\/embed.js\"><\/script><\/p>\n","protected":false},"excerpt":{"rendered":"O l\u00edder do supergrupo de K-pop BTS, RM, cujo nome de batismo \u00e9 Kim Nam Joon, agitou as&hellip;\n","protected":false},"author":2,"featured_media":141631,"comment_status":"","ping_status":"","sticky":false,"template":"","format":"standard","meta":{"footnotes":""},"categories":[141],"tags":[20043,2344,114,115,1688,31412,149,150,32,33,20046],"class_list":{"0":"post-141630","1":"post","2":"type-post","3":"status-publish","4":"format-standard","5":"has-post-thumbnail","7":"category-musica","8":"tag-army","9":"tag-bts","10":"tag-entertainment","11":"tag-entretenimento","12":"tag-k-pop","13":"tag-kim-nam-joon","14":"tag-music","15":"tag-musica","16":"tag-portugal","17":"tag-pt","18":"tag-rm"},"share_on_mastodon":{"url":"https:\/\/pubeurope.com\/@pt\/115502710895713529","error":""},"_links":{"self":[{"href":"https:\/\/www.europesays.com\/pt\/wp-json\/wp\/v2\/posts\/141630","targetHints":{"allow":["GET"]}}],"collection":[{"href":"https:\/\/www.europesays.com\/pt\/wp-json\/wp\/v2\/posts"}],"about":[{"href":"https:\/\/www.europesays.com\/pt\/wp-json\/wp\/v2\/types\/post"}],"author":[{"embeddable":true,"href":"https:\/\/www.europesays.com\/pt\/wp-json\/wp\/v2\/users\/2"}],"replies":[{"embeddable":true,"href":"https:\/\/www.europesays.com\/pt\/wp-json\/wp\/v2\/comments?post=141630"}],"version-history":[{"count":0,"href":"https:\/\/www.europesays.com\/pt\/wp-json\/wp\/v2\/posts\/141630\/revisions"}],"wp:featuredmedia":[{"embeddable":true,"href":"https:\/\/www.europesays.com\/pt\/wp-json\/wp\/v2\/media\/141631"}],"wp:attachment":[{"href":"https:\/\/www.europesays.com\/pt\/wp-json\/wp\/v2\/media?parent=141630"}],"wp:term":[{"taxonomy":"category","embeddable":true,"href":"https:\/\/www.europesays.com\/pt\/wp-json\/wp\/v2\/categories?post=141630"},{"taxonomy":"post_tag","embeddable":true,"href":"https:\/\/www.europesays.com\/pt\/wp-json\/wp\/v2\/tags?post=141630"}],"curies":[{"name":"wp","href":"https:\/\/api.w.org\/{rel}","templated":true}]}}