{"id":141636,"date":"2025-11-06T12:18:16","date_gmt":"2025-11-06T12:18:16","guid":{"rendered":"https:\/\/www.europesays.com\/pt\/141636\/"},"modified":"2025-11-06T12:18:16","modified_gmt":"2025-11-06T12:18:16","slug":"incrivel-substituto-da-carne-cria-revolucao-farinha-de-girassol-e-altamente-nutritiva-e-sustentavel","status":"publish","type":"post","link":"https:\/\/www.europesays.com\/pt\/141636\/","title":{"rendered":"Incr\u00edvel substituto da carne cria revolu\u00e7\u00e3o: farinha de girassol \u00e9 altamente nutritiva e sustent\u00e1vel"},"content":{"rendered":"<p>Uma equipe de pesquisadores da Universidade Estadual de Campinas (UNICAMP), em parceria com a Fraunhofer IVV da Alemanha, desenvolveu um substituto para a <a href=\"https:\/\/portaldeprefeitura.com.br\/tags\/carne\/\" rel=\"nofollow noopener\" target=\"_blank\">carne<\/a> altamente nutritivo feito a partir da farinha da semente de <a href=\"https:\/\/portaldeprefeitura.com.br\/tags\/girassol\/\" rel=\"nofollow noopener\" target=\"_blank\">girassol<\/a>. A novidade promete impactar o mercado de prote\u00ednas vegetais, cada vez mais buscado por consumidores que desejam alternativas saborosas, saud\u00e1veis e sustent\u00e1veis.<\/p>\n<p>O ingrediente principal \u00e9 a farinha extra\u00edda ap\u00f3s o \u00f3leo ser removido da semente do <a href=\"https:\/\/portaldeprefeitura.com.br\/tags\/girassol\/\" rel=\"nofollow noopener\" target=\"_blank\">girassol<\/a>. Antes do uso, por\u00e9m, a farinha \u00e9 refinada para eliminar a casca externa e compostos fen\u00f3licos que escurecem o produto e dificultam sua digest\u00e3o pelo organismo humano. O resultado \u00e9 uma farinha clara, suave ao paladar e rica em nutrientes.<\/p>\n<p>Ingredientes e processo de desenvolvimento<\/p>\n<p>Os pesquisadores criaram duas vers\u00f5es da <a href=\"https:\/\/portaldeprefeitura.com.br\/tags\/carne\/\" rel=\"nofollow noopener\" target=\"_blank\">carne<\/a> vegetal: uma com farinha derivada de gr\u00e3os de <a href=\"https:\/\/portaldeprefeitura.com.br\/tags\/girassol\/\" rel=\"nofollow noopener\" target=\"_blank\">girassol<\/a> torrados e outra feita com prote\u00edna texturizada proveniente da semente. Para melhorar sabor e valor nutricional, ambas as formula\u00e7\u00f5es receberam adi\u00e7\u00e3o de p\u00f3 de tomate, especiarias e uma mistura de \u00f3leos (girassol, oliva e linha\u00e7a).<\/p>\n<p>Essas misturas foram moldadas em pequenos hamb\u00fargueres que passaram por testes sensoriais para avaliar sabor, textura e aceitabilidade, al\u00e9m de an\u00e1lises qu\u00edmicas para determinar a composi\u00e7\u00e3o nutricional.<\/p>\n<p>Perfil nutricional surpreendente<\/p>\n<p>O destaque ficou para a vers\u00e3o com prote\u00edna texturizada da farinha de <a href=\"https:\/\/portaldeprefeitura.com.br\/tags\/girassol\/\" rel=\"nofollow noopener\" target=\"_blank\">girassol<\/a>, que apresentou consist\u00eancia superior e alto conte\u00fado de prote\u00ednas e gorduras ben\u00e9ficas, especialmente \u00e1cidos graxos monoinsaturados. Al\u00e9m disso, seu perfil mineral se mostrou excepcional, alcan\u00e7ando:<\/p>\n<p>\t\t\t\t\t\t\t\t\t\t\t\t\t<a href=\"https:\/\/portaldeprefeitura.com.br\/brasil\/nova-tributacao-dos-alugueis-em-2026-entenda-como-se-planejar\/607597\/\" title=\"Nova tributa\u00e7\u00e3o dos alugu\u00e9is em 2026: Entenda como se planejar para evitar surpresas\" class=\"foto-materia remover-margem w-inline-block\" aria-label=\"Label\" rel=\"nofollow noopener\" target=\"_blank\"><img decoding=\"async\" src=\"https:\/\/www.europesays.com\/pt\/wp-content\/uploads\/2025\/11\/nova-tributacao-alugueis.jpg\" loading=\"lazy\" alt=\"A nova tributa\u00e7\u00e3o sobre alugu\u00e9is em 2026 traz aumento de impostos. \" class=\"img-noticia img130\" width=\"140\" height=\"130\"\/><\/a><br \/>\n\t\t\t\t\t\t\t\t\t\t\t\t\t\t\t\t\t\t\t\t<a href=\"https:\/\/portaldeprefeitura.com.br\/brasil\/novo-ir-isencao-ate-5mil-taxacao-super-ricos\/607592\/\" title=\"Novo IR a partir de 2026: Quem ganha at\u00e9 R$ 5 mil fica isento e super ricos s\u00e3o taxados\" class=\"foto-materia remover-margem w-inline-block\" aria-label=\"Label\" rel=\"nofollow noopener\" target=\"_blank\"><img decoding=\"async\" src=\"https:\/\/www.europesays.com\/pt\/wp-content\/uploads\/2025\/11\/dinheiro.jpg\" loading=\"lazy\" alt=\"Aprovado no Congresso, o novo IR isenta quem ganha at\u00e9 R$ 5 mil e tributa super ricos. \" class=\"img-noticia img130\" width=\"140\" height=\"130\"\/><\/a>\t\t\t\t\t\t\t\t\t\t\t\t\t\t\t\t\t\t<\/p>\n<ul>&#13;<\/p>\n<li>49% da ingest\u00e3o di\u00e1ria recomendada (IDR) de ferro;<\/li>\n<p>&#13;<\/p>\n<li>68% da IDR de zinco;<\/li>\n<p>&#13;<\/p>\n<li>95% da IDR de magn\u00e9sio;<\/li>\n<p>&#13;<\/p>\n<li>89% da IDR de mangan\u00eas.<\/li>\n<p>&#13;\n<\/ul>\n<p>Esses minerais s\u00e3o vitais para diversas fun\u00e7\u00f5es do organismo, como fortalecimento do sistema imunol\u00f3gico, forma\u00e7\u00e3o de tecidos, metabolismo energ\u00e9tico e sa\u00fade \u00f3ssea.<\/p>\n<p>Por que o girassol?<\/p>\n<p>O <a href=\"https:\/\/portaldeprefeitura.com.br\/tags\/girassol\/\" rel=\"nofollow noopener\" target=\"_blank\">girassol<\/a> \u00e9 amplamente cultivado no Brasil e a cultura vem crescendo de forma significativa. Al\u00e9m disso, o \u00f3leo de girassol j\u00e1 \u00e9 um dos mais utilizados na Europa. Este contexto cria um terreno f\u00e9rtil para a reaproveitamento das sementes al\u00e9m do \u00f3leo, aproveitando o restante da mat\u00e9ria-prima para produzir alimentos inovadores.<\/p>\n<p>Outro ponto importante \u00e9 que a farinha utilizada n\u00e3o \u00e9 derivada de alimentos geneticamente modificados, o que atende a uma demanda crescente dos consumidores por alimentos mais naturais e confi\u00e1veis.<\/p>\n<p>Benef\u00edcios para a sa\u00fade e para o planeta<\/p>\n<p>A farinha de <a href=\"https:\/\/portaldeprefeitura.com.br\/tags\/girassol\/\" rel=\"nofollow noopener\" target=\"_blank\">girassol<\/a> traz benef\u00edcios para a sa\u00fade ao fornecer uma fonte rica e equilibrada de prote\u00edna vegetal e gorduras consideradas saud\u00e1veis. Seu perfil nutricional, aliado ao baixo teor de compostos que dificultam a absor\u00e7\u00e3o, torna-a um candidato promissor para substituir parcialmente ou totalmente a prote\u00edna animal na dieta.<\/p>\n<p>Al\u00e9m do valor nutricional, a sustentabilidade do produto \u00e9 destaque, pois o uso das sementes integra um modelo de economia circular que aproveita subprodutos da ind\u00fastria de \u00f3leo de <a href=\"https:\/\/portaldeprefeitura.com.br\/tags\/girassol\/\" rel=\"nofollow noopener\" target=\"_blank\">girassol<\/a>, reduzindo o desperd\u00edcio e a press\u00e3o sobre recursos naturais.<\/p>\n<p>Mercado em expans\u00e3o e potencial do produto<\/p>\n<p>O mercado global de carnes vegetais apresenta crescimento acelerado, impulsionado por consumidores que buscam alternativas \u00e9ticas, funcionais e com menor impacto ambiental. Produtos inovadores como o desenvolvido pela UNICAMP e parceiros alem\u00e3es entram nesse cen\u00e1rio com diferencial relevante.<\/p>\n<p>A farinha de <a href=\"https:\/\/portaldeprefeitura.com.br\/tags\/girassol\/\" rel=\"nofollow noopener\" target=\"_blank\">girassol<\/a> texturizada possui boa capacidade de criar consist\u00eancia, sabor agrad\u00e1vel e alto valor nutricional, tornando-a competitiva diante de outras prote\u00ednas vegetais como soja e ervilha. A perspectiva \u00e9 que essa inova\u00e7\u00e3o contribua para a diversifica\u00e7\u00e3o e fortalecimento do setor no Brasil e no exterior.<\/p>\n<p>Desafios e pr\u00f3ximos passos<\/p>\n<p>Apesar do sucesso nos testes iniciais, a pesquisa ainda caminha para aprimorar a produ\u00e7\u00e3o em escala industrial, garantindo custo acess\u00edvel e qualidade constante. Estudos de aceita\u00e7\u00e3o pelo consumidor em larga escala tamb\u00e9m ser\u00e3o fundamentais para validar o potencial comercial do substituto vegetal.<\/p>\n<p>Al\u00e9m disso, a equipe busca continuar aprimorando as formula\u00e7\u00f5es para ampliar a variedade de produtos \u00e0 base de farinha de <a href=\"https:\/\/portaldeprefeitura.com.br\/tags\/girassol\/\" rel=\"nofollow noopener\" target=\"_blank\">girassol<\/a>, incluindo alternativas para outros tipos de <a href=\"https:\/\/portaldeprefeitura.com.br\/tags\/carne\/\" rel=\"nofollow noopener\" target=\"_blank\">carne<\/a> e prepara\u00e7\u00f5es culin\u00e1rias.<\/p>\n<p>Este avan\u00e7o tecnol\u00f3gico feito em solo brasileiro evidencia como ci\u00eancia e inova\u00e7\u00e3o caminham juntas para responder \u00e0s demandas da sociedade contempor\u00e2nea por alimenta\u00e7\u00e3o mais saud\u00e1vel, sustent\u00e1vel e saborosa. A farinha de <a href=\"https:\/\/portaldeprefeitura.com.br\/tags\/girassol\/\" rel=\"nofollow noopener\" target=\"_blank\">girassol<\/a> desponta como solu\u00e7\u00e3o promissora, com capacidade de transformar h\u00e1bitos alimentares e contribuir para a sa\u00fade do planeta.<\/p>\n","protected":false},"excerpt":{"rendered":"Uma equipe de pesquisadores da Universidade Estadual de Campinas (UNICAMP), em parceria com a Fraunhofer IVV da Alemanha,&hellip;\n","protected":false},"author":2,"featured_media":141637,"comment_status":"","ping_status":"","sticky":false,"template":"","format":"standard","meta":{"footnotes":""},"categories":[86],"tags":[20549,11627,116,32,33,117],"class_list":{"0":"post-141636","1":"post","2":"type-post","3":"status-publish","4":"format-standard","5":"has-post-thumbnail","7":"category-saude","8":"tag-carne","9":"tag-girassol","10":"tag-health","11":"tag-portugal","12":"tag-pt","13":"tag-saude"},"share_on_mastodon":{"url":"","error":""},"_links":{"self":[{"href":"https:\/\/www.europesays.com\/pt\/wp-json\/wp\/v2\/posts\/141636","targetHints":{"allow":["GET"]}}],"collection":[{"href":"https:\/\/www.europesays.com\/pt\/wp-json\/wp\/v2\/posts"}],"about":[{"href":"https:\/\/www.europesays.com\/pt\/wp-json\/wp\/v2\/types\/post"}],"author":[{"embeddable":true,"href":"https:\/\/www.europesays.com\/pt\/wp-json\/wp\/v2\/users\/2"}],"replies":[{"embeddable":true,"href":"https:\/\/www.europesays.com\/pt\/wp-json\/wp\/v2\/comments?post=141636"}],"version-history":[{"count":0,"href":"https:\/\/www.europesays.com\/pt\/wp-json\/wp\/v2\/posts\/141636\/revisions"}],"wp:featuredmedia":[{"embeddable":true,"href":"https:\/\/www.europesays.com\/pt\/wp-json\/wp\/v2\/media\/141637"}],"wp:attachment":[{"href":"https:\/\/www.europesays.com\/pt\/wp-json\/wp\/v2\/media?parent=141636"}],"wp:term":[{"taxonomy":"category","embeddable":true,"href":"https:\/\/www.europesays.com\/pt\/wp-json\/wp\/v2\/categories?post=141636"},{"taxonomy":"post_tag","embeddable":true,"href":"https:\/\/www.europesays.com\/pt\/wp-json\/wp\/v2\/tags?post=141636"}],"curies":[{"name":"wp","href":"https:\/\/api.w.org\/{rel}","templated":true}]}}