{"id":141640,"date":"2025-11-06T12:22:31","date_gmt":"2025-11-06T12:22:31","guid":{"rendered":"https:\/\/www.europesays.com\/pt\/141640\/"},"modified":"2025-11-06T12:22:31","modified_gmt":"2025-11-06T12:22:31","slug":"esta-arma-secreta-contra-o-frio-custa-menos-de-8-euros-e-esta-no-aldi","status":"publish","type":"post","link":"https:\/\/www.europesays.com\/pt\/141640\/","title":{"rendered":"Esta arma secreta contra o frio custa menos de 8 euros e est\u00e1 no Aldi"},"content":{"rendered":"<p>Sim, os dias est\u00e3o mais curtos, as temperaturas baixaram e a chuva parece n\u00e3o querer dar tr\u00e9guas. Isto significa que temos de tirar as roupas quentes do guarda-roupa. Quem odeia usar casacos pesados ou muito grandes pode sempre apostar em camadas e no Aldi encontra as pe\u00e7as essenciais para isso.<\/p>\n<p>Fomos espreitar o folheto da cadeia de supermercados alem\u00e3 e descobrimos que a partir de 15 de novembro est\u00e3o dispon\u00edveis <a href=\"https:\/\/www.aldi.pt\/oportunidades-da-semana\/a-partir-de-sabado-15-11\/camisola-termica-7003449-2-0.article.html\" target=\"_blank\" rel=\"nofollow noopener\">camisolas t\u00e9rmicas<\/a> para senhora (entre o S e o L) e para homem (entre o M e o XL).\u00a0<\/p>\n<p>Podes escolher entre duas cores neutras e muito f\u00e1ceis de conjugar com tudo, apesar das camisolas n\u00e3o ficarem \u00e0 mostra, cinzento e preto. Cada uma custa \u20ac7,99.\u00a0<\/p>\n<p>Mas, ainda antes destas camisolas estarem dispon\u00edveis, a partir de s\u00e1bado, 8 de novembro, encontras, nas lojas da marca, um <a href=\"https:\/\/www.aldi.pt\/oportunidades-da-semana\/a-partir-de-sabado-8-11\/camisola-calcas-termicas-7012753-2-0.article.html\" target=\"_blank\" rel=\"nofollow noopener\">conjunto<\/a> de camisola e cal\u00e7as t\u00e9rmicas tanto para senhora (S e M), como para homem (M e L).\u00a0<\/p>\n<p>Tamb\u00e9m v\u00e3o estar \u00e0 venda em duas cores discretas, azul e castanho, ambos em tons claros. Por ser um conjunto de duas pe\u00e7as, o pre\u00e7o \u00e9 ligeiramente mais elevado: \u20ac16,99.\u00a0<\/p>\n<p>Espreita a galeria de imagens para conheceres as novidades deste supermercado.\u00a0<\/p>\n","protected":false},"excerpt":{"rendered":"Sim, os dias est\u00e3o mais curtos, as temperaturas baixaram e a chuva parece n\u00e3o querer dar tr\u00e9guas. Isto&hellip;\n","protected":false},"author":2,"featured_media":141641,"comment_status":"","ping_status":"","sticky":false,"template":"","format":"standard","meta":{"footnotes":""},"categories":[83],"tags":[15370,1081,88,204,89,90,9086,754,186,1079,32,33,10771,1078,1080],"class_list":{"0":"post-141640","1":"post","2":"type-post","3":"status-publish","4":"format-standard","5":"has-post-thumbnail","7":"category-empresas","8":"tag-aldi","9":"tag-beleza","10":"tag-business","11":"tag-design","12":"tag-economy","13":"tag-empresas","14":"tag-frio","15":"tag-gastronomia","16":"tag-lifestyle","17":"tag-moda","18":"tag-portugal","19":"tag-pt","20":"tag-roupa","21":"tag-versa","22":"tag-viagens"},"share_on_mastodon":{"url":"https:\/\/pubeurope.com\/@pt\/115502733410296399","error":""},"_links":{"self":[{"href":"https:\/\/www.europesays.com\/pt\/wp-json\/wp\/v2\/posts\/141640","targetHints":{"allow":["GET"]}}],"collection":[{"href":"https:\/\/www.europesays.com\/pt\/wp-json\/wp\/v2\/posts"}],"about":[{"href":"https:\/\/www.europesays.com\/pt\/wp-json\/wp\/v2\/types\/post"}],"author":[{"embeddable":true,"href":"https:\/\/www.europesays.com\/pt\/wp-json\/wp\/v2\/users\/2"}],"replies":[{"embeddable":true,"href":"https:\/\/www.europesays.com\/pt\/wp-json\/wp\/v2\/comments?post=141640"}],"version-history":[{"count":0,"href":"https:\/\/www.europesays.com\/pt\/wp-json\/wp\/v2\/posts\/141640\/revisions"}],"wp:featuredmedia":[{"embeddable":true,"href":"https:\/\/www.europesays.com\/pt\/wp-json\/wp\/v2\/media\/141641"}],"wp:attachment":[{"href":"https:\/\/www.europesays.com\/pt\/wp-json\/wp\/v2\/media?parent=141640"}],"wp:term":[{"taxonomy":"category","embeddable":true,"href":"https:\/\/www.europesays.com\/pt\/wp-json\/wp\/v2\/categories?post=141640"},{"taxonomy":"post_tag","embeddable":true,"href":"https:\/\/www.europesays.com\/pt\/wp-json\/wp\/v2\/tags?post=141640"}],"curies":[{"name":"wp","href":"https:\/\/api.w.org\/{rel}","templated":true}]}}