{"id":141654,"date":"2025-11-06T12:34:10","date_gmt":"2025-11-06T12:34:10","guid":{"rendered":"https:\/\/www.europesays.com\/pt\/141654\/"},"modified":"2025-11-06T12:34:10","modified_gmt":"2025-11-06T12:34:10","slug":"184-cidades-estao-infestadas-pelo-aedes-aegypti","status":"publish","type":"post","link":"https:\/\/www.europesays.com\/pt\/141654\/","title":{"rendered":"184 cidades est\u00e3o infestadas pelo Aedes aegypti"},"content":{"rendered":"<p>  <img class=\"content-first-image wp-image-2243591 size-large\" loading=\"eager\" decoding=\"sync\" fetchpriority=\"high\" src=\"https:\/\/www.europesays.com\/pt\/wp-content\/uploads\/2025\/11\/joinville-chega-a-40-mortes-por-dengue-e-passa-numero-de-vitimas-registradas-em-2023-1300x780.jpeg\" alt=\"Santa Catarina tem 184 cidades infestadas pelo mosquito da dengue \" width=\"1300\" height=\"780\"  \/>Santa Catarina tem 184 cidades infestadas pelo mosquito da dengue Foto: PMJlle\/Reprodu\u00e7\u00e3o<\/p>\n<p>Santa Catarina tem 184 munic\u00edpios infestados pelo <a href=\"https:\/\/ndmais.com.br\/saude\/veja-o-ciclo-de-vida-do-aedes-aegypti-conforme-o-clima-catarinense\/\" rel=\"nofollow noopener\" target=\"_blank\">mosquito Aedes aegypti<\/a>, vetor de transmiss\u00e3o da dengue. Dados da Diretoria de Vigil\u00e2ncia Epidemiol\u00f3gica indicam 128.410 notifica\u00e7\u00f5es da doen\u00e7a, sendo que 25.328 foram considerados casos prov\u00e1veis.<\/p>\n<p>O relat\u00f3rio foi divulgado na segunda-feira (3) e contabiliza as informa\u00e7\u00f5es desde o dia 29 de dezembro de 2024. Os focos do mosquito tamb\u00e9m aumentaram e totalizam 58.236 em 263 munic\u00edpios catarinenses. No per\u00edodo analisado, <a href=\"https:\/\/ndmais.com.br\/saude\/o-que-fez-sc-reduzir-em-95-as-mortes-por-dengue-em-2025\/\" rel=\"nofollow noopener\" target=\"_blank\">foram confirmadas 21 mortes por dengue<\/a>. Outros dois \u00f3bitos est\u00e3o sendo investigados.<\/p>\n<p>\u201cO aumento das arboviroses no estado \u00e9 um reflexo direto da combina\u00e7\u00e3o de fatores ambientais e comportamentais. Temos condi\u00e7\u00f5es clim\u00e1ticas favor\u00e1veis \u00e0 prolifera\u00e7\u00e3o do Aedes aegypti e, ao mesmo tempo, ainda enfrentamos dificuldades na manuten\u00e7\u00e3o de h\u00e1bitos preventivos pela popula\u00e7\u00e3o\u201d, alerta Jo\u00e3o Augusto Fuck, diretor da Diretoria de Vigil\u00e2ncia Epidemiol\u00f3gica.<\/p>\n<p><a class=\"cta-discover d-flex justify-content-between align-items-center w-100\" target=\"_blank\" rel=\"nofollow noopner noopener\" href=\"https:\/\/profile.google.com\/cp\/Cg0vZy8xMXZ5cjY4NHho\">   Fa\u00e7a como milh\u00f5es de leitores informados: siga o ND Mais no Google.  Seguir<\/a> Casos de chikungunya crescem 554,8% em Santa Catarina<\/p>\n<p>O informe epidemiol\u00f3gico tamb\u00e9m registrou a ocorr\u00eancia de 2.708 notifica\u00e7\u00f5es de chikungunya no estado. Desses, 812 foram considerados casos prov\u00e1veis, sendo que 690 foram confirmados.<\/p>\n<p>Na compara\u00e7\u00e3o com o mesmo per\u00edodo do ano de 2024, quando foram registrados 123 casos prov\u00e1veis, observa-se um aumento de 554,8%. Al\u00e9m disso, foram confirmados quatro \u00f3bitos pela doen\u00e7a.<\/p>\n<p><img class=\"wp-image-2504821 size-full\" loading=\"lazy\" decoding=\"async\" src=\"https:\/\/www.europesays.com\/pt\/wp-content\/uploads\/2025\/11\/focos-de-dengue-em-criciuma.jpg\" alt=\"Den\u00fancias de poss\u00edveis focos de mosquito ajudam no controle da dengueFoto: Divulga\u00e7\u00e3o\/Decom\/ND\" width=\"1200\" height=\"630\"  \/>Den\u00fancias de poss\u00edveis focos de mosquito ajudam no controle da dengueFoto: Divulga\u00e7\u00e3o\/Decom\/ND<\/p>\n<p>A chikungunya tamb\u00e9m \u00e9 transmitida pelo mosquito Aedes aegypti e apresenta sintomas como febre alta, dores intensas nas articula\u00e7\u00f5es, dor muscular, dor de cabe\u00e7a, cansa\u00e7o extremo e manchas vermelhas na pele.<\/p>\n<p>Em casos graves, pode levar \u00e0 interna\u00e7\u00e3o e at\u00e9 ao \u00f3bito, especialmente entre idosos e pessoas com comorbidades.<\/p>\n<p>Dengue e chikungunya: veja a\u00e7\u00f5es para eliminar o Aedes aegypti<\/p>\n<p>A colabora\u00e7\u00e3o da popula\u00e7\u00e3o \u00e9 essencial para conter a propaga\u00e7\u00e3o das arboviroses em Santa Catarina. Por isso, medidas simples devem ser tomadas para evitar casos de dengue e chikungunya. S\u00e3o elas:<\/p>\n<ul>\n<li>Evite que a \u00e1gua da chuva fique depositada e acumulada em recipientes como pneus, tampas de garrafas, latas e copos;<\/li>\n<li>N\u00e3o acumule materiais descart\u00e1veis desnecess\u00e1rios e sem uso em terrenos baldios e p\u00e1tios;<\/li>\n<li>Trate adequadamente a piscina com cloro. Se ela n\u00e3o estiver em uso, esvazie-a completamente sem deixar po\u00e7as de \u00e1gua;<\/li>\n<li>Manter lagos e tanques limpos ou criar peixes que se alimentem de larvas;<\/li>\n<li>Lave com escova e sab\u00e3o as vasilhas de \u00e1gua e comida de seus animais de estima\u00e7\u00e3o pelo menos uma vez por semana;<\/li>\n<li>Coloque areia nos pratinhos de plantas e remova duas vezes na semana a \u00e1gua acumulada em folhas de plantas;<\/li>\n<li>Mantenha as lixeiras tampadas, n\u00e3o acumule lixo\/entulhos e guarde os pneus em lugar seco e coberto.<\/li>\n<\/ul>\n<p><strong class=\"single-read-more-title font-roboto\">Leia mais sobre Dengue em Santa Catarina<\/strong>       <\/p>\n","protected":false},"excerpt":{"rendered":"Santa Catarina tem 184 cidades infestadas pelo mosquito da dengue Foto: PMJlle\/Reprodu\u00e7\u00e3o Santa Catarina tem 184 munic\u00edpios infestados&hellip;\n","protected":false},"author":2,"featured_media":141655,"comment_status":"","ping_status":"","sticky":false,"template":"","format":"standard","meta":{"footnotes":""},"categories":[86],"tags":[116,1968,2250,32,33,4066,3801,117],"class_list":{"0":"post-141654","1":"post","2":"type-post","3":"status-publish","4":"format-standard","5":"has-post-thumbnail","7":"category-saude","8":"tag-health","9":"tag-notcia","10":"tag-notcia-santa-catarina","11":"tag-portugal","12":"tag-pt","13":"tag-sade","14":"tag-santa-catarina","15":"tag-saude"},"share_on_mastodon":{"url":"https:\/\/pubeurope.com\/@pt\/115502780660974033","error":""},"_links":{"self":[{"href":"https:\/\/www.europesays.com\/pt\/wp-json\/wp\/v2\/posts\/141654","targetHints":{"allow":["GET"]}}],"collection":[{"href":"https:\/\/www.europesays.com\/pt\/wp-json\/wp\/v2\/posts"}],"about":[{"href":"https:\/\/www.europesays.com\/pt\/wp-json\/wp\/v2\/types\/post"}],"author":[{"embeddable":true,"href":"https:\/\/www.europesays.com\/pt\/wp-json\/wp\/v2\/users\/2"}],"replies":[{"embeddable":true,"href":"https:\/\/www.europesays.com\/pt\/wp-json\/wp\/v2\/comments?post=141654"}],"version-history":[{"count":0,"href":"https:\/\/www.europesays.com\/pt\/wp-json\/wp\/v2\/posts\/141654\/revisions"}],"wp:featuredmedia":[{"embeddable":true,"href":"https:\/\/www.europesays.com\/pt\/wp-json\/wp\/v2\/media\/141655"}],"wp:attachment":[{"href":"https:\/\/www.europesays.com\/pt\/wp-json\/wp\/v2\/media?parent=141654"}],"wp:term":[{"taxonomy":"category","embeddable":true,"href":"https:\/\/www.europesays.com\/pt\/wp-json\/wp\/v2\/categories?post=141654"},{"taxonomy":"post_tag","embeddable":true,"href":"https:\/\/www.europesays.com\/pt\/wp-json\/wp\/v2\/tags?post=141654"}],"curies":[{"name":"wp","href":"https:\/\/api.w.org\/{rel}","templated":true}]}}