{"id":141656,"date":"2025-11-06T12:37:32","date_gmt":"2025-11-06T12:37:32","guid":{"rendered":"https:\/\/www.europesays.com\/pt\/141656\/"},"modified":"2025-11-06T12:37:32","modified_gmt":"2025-11-06T12:37:32","slug":"em-2026-devolver-garrafas-vai-dar-dinheiro-literalmente","status":"publish","type":"post","link":"https:\/\/www.europesays.com\/pt\/141656\/","title":{"rendered":"Em 2026, devolver garrafas vai dar dinheiro (literalmente!)"},"content":{"rendered":"<p>A ministra do Ambiente, Maria da Gra\u00e7a Carvalho, contou esta ter\u00e7a-feira que o famoso sistema de dep\u00f3sito com retorno, aquele em que se devolvem garrafas e latas e se recebe dinheiro de volta, vai finalmente arrancar. Segundo a Lusa, a data est\u00e1 marcada: 10 de abril de 2026.\n<\/p>\n<p>Depois de quatro anos de atraso, o plano \u00e9 instalar 2.500 m\u00e1quinas espalhadas por 8.000 locais onde ser\u00e1 poss\u00edvel entregar embalagens de pl\u00e1stico, alum\u00ednio e a\u00e7o. Ou seja, quando se comprar uma bebida, vai-se pagar um valor extra (ainda a definir) que ser\u00e1 devolvido ao entregar a embalagem vazia.\n<\/p>\n<p>A ideia \u00e9 simples: fazer com que mais pessoas reciclem e para ajudar o ambiente e, se tudo correr bem, chegar aos 90% de recolha em poucos anos, tal como j\u00e1 acontece em pa\u00edses n\u00f3rdicos.\n<\/p>\n<p>O investimento \u00e9 pesado &#8211; mais de 100 milh\u00f5es de euros &#8211; mas promete compensar, com menos lixo nas ruas e milhares de novos empregos ligados \u00e0 reciclagem e \u00e0 manuten\u00e7\u00e3o das m\u00e1quinas.\n<\/p>\n<p>As primeiras m\u00e1quinas v\u00e3o aparecer nos supermercados, mas h\u00e1 planos para lev\u00e1-las tamb\u00e9m a escolas e zonas tur\u00edsticas.\n<\/p>\n<p>E h\u00e1 um desafio curioso: nenhuma destas m\u00e1quinas \u00e9 feita na Europa. A SDR Portugal acredita que isto pode ser uma boa oportunidade para as empresas portuguesas entrarem no neg\u00f3cio.\n<\/p>\n<p>Resumindo: em 2026, devolver garrafas pode passar a valer uns trocos e um passo importante para um planeta mais limpo.\n<\/p>\n<p><\/p>\n","protected":false},"excerpt":{"rendered":"A ministra do Ambiente, Maria da Gra\u00e7a Carvalho, contou esta ter\u00e7a-feira que o famoso sistema de dep\u00f3sito com&hellip;\n","protected":false},"author":2,"featured_media":141657,"comment_status":"","ping_status":"","sticky":false,"template":"","format":"standard","meta":{"footnotes":""},"categories":[83],"tags":[783,778,779,774,764,88,769,767,772,89,782,90,784,222,771,773,149,768,777,32,33,766,781,765,763,775,780,776,770],"class_list":{"0":"post-141656","1":"post","2":"type-post","3":"status-publish","4":"format-standard","5":"has-post-thumbnail","7":"category-empresas","8":"tag-6pm","9":"tag-80s-rfm","10":"tag-80srfm","11":"tag-90s","12":"tag-bruno-mars","13":"tag-business","14":"tag-cafe-da-manha","15":"tag-comedia","16":"tag-dance-it","17":"tag-economy","18":"tag-emissao-online","19":"tag-empresas","20":"tag-fridayboyz","21":"tag-humor","22":"tag-jazzy","23":"tag-latinas","24":"tag-music","25":"tag-nilton","26":"tag-oceano-pacifico","27":"tag-portugal","28":"tag-pt","29":"tag-radio","30":"tag-radio-online","31":"tag-rfm","32":"tag-rock-in-rio","33":"tag-rocks","34":"tag-somnii","35":"tag-toca-portugal","36":"tag-top-25"},"share_on_mastodon":{"url":"https:\/\/pubeurope.com\/@pt\/115502792370194238","error":""},"_links":{"self":[{"href":"https:\/\/www.europesays.com\/pt\/wp-json\/wp\/v2\/posts\/141656","targetHints":{"allow":["GET"]}}],"collection":[{"href":"https:\/\/www.europesays.com\/pt\/wp-json\/wp\/v2\/posts"}],"about":[{"href":"https:\/\/www.europesays.com\/pt\/wp-json\/wp\/v2\/types\/post"}],"author":[{"embeddable":true,"href":"https:\/\/www.europesays.com\/pt\/wp-json\/wp\/v2\/users\/2"}],"replies":[{"embeddable":true,"href":"https:\/\/www.europesays.com\/pt\/wp-json\/wp\/v2\/comments?post=141656"}],"version-history":[{"count":0,"href":"https:\/\/www.europesays.com\/pt\/wp-json\/wp\/v2\/posts\/141656\/revisions"}],"wp:featuredmedia":[{"embeddable":true,"href":"https:\/\/www.europesays.com\/pt\/wp-json\/wp\/v2\/media\/141657"}],"wp:attachment":[{"href":"https:\/\/www.europesays.com\/pt\/wp-json\/wp\/v2\/media?parent=141656"}],"wp:term":[{"taxonomy":"category","embeddable":true,"href":"https:\/\/www.europesays.com\/pt\/wp-json\/wp\/v2\/categories?post=141656"},{"taxonomy":"post_tag","embeddable":true,"href":"https:\/\/www.europesays.com\/pt\/wp-json\/wp\/v2\/tags?post=141656"}],"curies":[{"name":"wp","href":"https:\/\/api.w.org\/{rel}","templated":true}]}}