{"id":141680,"date":"2025-11-06T13:03:10","date_gmt":"2025-11-06T13:03:10","guid":{"rendered":"https:\/\/www.europesays.com\/pt\/141680\/"},"modified":"2025-11-06T13:03:10","modified_gmt":"2025-11-06T13:03:10","slug":"a-protegida-oscar-impoe-limites-a-clarice-novelas","status":"publish","type":"post","link":"https:\/\/www.europesays.com\/pt\/141680\/","title":{"rendered":"A Protegida: \u00d3scar imp\u00f5e limites a Clarice &#8211; Novelas"},"content":{"rendered":"<p>Em \u00abA Protegida\u00bb, Clarice (Fernanda Serrano) pede a \u00d3scar (Joaquim Horta) para comprar os produtos de M\u00f3nica (Catarina Nifo). \u00d3scar diz que ainda ontem gastou centenas de euros, mas Clarice pede-lhe para comprar online, como Rosa Miranda. \u00d3scar j\u00e1 come\u00e7a a achar um abuso. \u00d3scar n\u00e3o gosta das exig\u00eancias de Clarice e diz que qualquer dia deixa de comprar. Clarice relembra-o de que prometeu ajudar os g\u00e9meos e n\u00e3o pode voltar com a palavra atr\u00e1s. Jorge (Paulo Pires) aparece e Clarice disfar\u00e7a. Clarice est\u00e1 feliz por Jorge ter voltado para casa e s\u00f3 esperam que o div\u00f3rcio de Laura corra como est\u00e3o a planear.<\/p>\n","protected":false},"excerpt":{"rendered":"Em \u00abA Protegida\u00bb, Clarice (Fernanda Serrano) pede a \u00d3scar (Joaquim Horta) para comprar os produtos de M\u00f3nica (Catarina&hellip;\n","protected":false},"author":2,"featured_media":141681,"comment_status":"","ping_status":"","sticky":false,"template":"","format":"standard","meta":{"footnotes":""},"categories":[142],"tags":[168,160,166,114,115,157,167,164,2931,161,158,165,159,32,33,156,163,151,162],"class_list":{"0":"post-141680","1":"post","2":"type-post","3":"status-publish","4":"format-standard","5":"has-post-thumbnail","7":"category-tv","8":"tag-a-protegida","9":"tag-ana-guiomar","10":"tag-cristina-ferreira","11":"tag-entertainment","12":"tag-entretenimento","13":"tag-festa-e-festa","14":"tag-ficcao","15":"tag-jose-fidalgo","16":"tag-novela","17":"tag-novelas","18":"tag-para-sempre","19":"tag-pedro-sousa","20":"tag-pedro-teixeira","21":"tag-portugal","22":"tag-pt","23":"tag-queridos-papas","24":"tag-tiago-teotonio-pereira","25":"tag-tv","26":"tag-tvi"},"share_on_mastodon":{"url":"https:\/\/pubeurope.com\/@pt\/115502894530886657","error":""},"_links":{"self":[{"href":"https:\/\/www.europesays.com\/pt\/wp-json\/wp\/v2\/posts\/141680","targetHints":{"allow":["GET"]}}],"collection":[{"href":"https:\/\/www.europesays.com\/pt\/wp-json\/wp\/v2\/posts"}],"about":[{"href":"https:\/\/www.europesays.com\/pt\/wp-json\/wp\/v2\/types\/post"}],"author":[{"embeddable":true,"href":"https:\/\/www.europesays.com\/pt\/wp-json\/wp\/v2\/users\/2"}],"replies":[{"embeddable":true,"href":"https:\/\/www.europesays.com\/pt\/wp-json\/wp\/v2\/comments?post=141680"}],"version-history":[{"count":0,"href":"https:\/\/www.europesays.com\/pt\/wp-json\/wp\/v2\/posts\/141680\/revisions"}],"wp:featuredmedia":[{"embeddable":true,"href":"https:\/\/www.europesays.com\/pt\/wp-json\/wp\/v2\/media\/141681"}],"wp:attachment":[{"href":"https:\/\/www.europesays.com\/pt\/wp-json\/wp\/v2\/media?parent=141680"}],"wp:term":[{"taxonomy":"category","embeddable":true,"href":"https:\/\/www.europesays.com\/pt\/wp-json\/wp\/v2\/categories?post=141680"},{"taxonomy":"post_tag","embeddable":true,"href":"https:\/\/www.europesays.com\/pt\/wp-json\/wp\/v2\/tags?post=141680"}],"curies":[{"name":"wp","href":"https:\/\/api.w.org\/{rel}","templated":true}]}}