{"id":141688,"date":"2025-11-06T13:11:03","date_gmt":"2025-11-06T13:11:03","guid":{"rendered":"https:\/\/www.europesays.com\/pt\/141688\/"},"modified":"2025-11-06T13:11:03","modified_gmt":"2025-11-06T13:11:03","slug":"criptoativos-so-sao-tributados-no-irs-quando-convertidos-em-euros","status":"publish","type":"post","link":"https:\/\/www.europesays.com\/pt\/141688\/","title":{"rendered":"Criptoativos s\u00f3 s\u00e3o tributados no IRS quando convertidos em euros?"},"content":{"rendered":"<p>A Autoridade Tribut\u00e1ria e Aduaneira (AT) clarificou recentemente, no \u00e2mbito do C\u00f3digo do IRS, a tributa\u00e7\u00e3o por mais-valias resultantes de criptoativos. Afinal os criptoativos s\u00f3 s\u00e3o tributados no IRS quando convertidos em euros?<\/p>\n<p><a target=\"_blank\" href=\"https:\/\/pplware.sapo.pt\/wp-content\/uploads\/2025\/03\/bitcoin_criptomoeda-1.jpg\" onclick=\"refreshIframe()\" class=\"foobox\" rel=\"nofollow noopener\"><img fetchpriority=\"high\" decoding=\"async\" src=\"https:\/\/www.europesays.com\/pt\/wp-content\/uploads\/2025\/11\/bitcoin_criptomoeda-1-720x405.jpg\" alt=\"Bitcoin dentro de uma carteira\" width=\"720\" height=\"405\" class=\"aligncenter size-medium wp-image-1045504\"  \/><\/a><\/p>\n<p>Criptoativos convertidos em moedas est\u00e1veis s\u00f3 s\u00e3o tributados no IRS quando passam para euros<\/p>\n<p>Quando os contribuintes convertem criptoativos para moedas est\u00e1veis (como \u2018stablecoins\u2019), a tributa\u00e7\u00e3o em sede de Autoridade Tribut\u00e1ria e Aduaneira (AT) s\u00f3 se aplica quando houver convers\u00e3o para euros, isto \u00e9, moeda fiduci\u00e1ria.<\/p>\n<p>A AT esclarece que, no \u00e2mbito do C\u00f3digo do IRS, s\u00f3 s\u00e3o tributados os rendimentos \u00abefetivamente realizados\u00bb pelos sujeitos passivos, n\u00e3o sendo considerado o ganho tribut\u00e1vel, mas apenas a troca de um criptoativo por outro ou por uma moeda est\u00e1vel.<\/p>\n<p><a target=\"_blank\" href=\"https:\/\/pplware.sapo.pt\/wp-content\/uploads\/2023\/05\/criptomoeda01-scaled.jpg\" onclick=\"refreshIframe()\" class=\"foobox\" rel=\"nofollow noopener\"><img loading=\"lazy\" decoding=\"async\" src=\"https:\/\/www.europesays.com\/pt\/wp-content\/uploads\/2025\/11\/criptomoeda01-720x405.jpg\" alt=\"\" width=\"720\" height=\"405\" class=\"aligncenter size-medium wp-image-920323\"  \/><\/a><\/p>\n<p>A AT refere ainda que a exclus\u00e3o de tributa\u00e7\u00e3o quando a contrapresta\u00e7\u00e3o assume a forma de outro criptoativo ou de moeda est\u00e1vel baseia-se no facto de tratar-se de valor ainda n\u00e3o realizado, ou seja, de uma mais-valia potencial ou latente e n\u00e3o de rendimento concretizado.<\/p>\n<p>Contudo, h\u00e1 exce\u00e7\u00f5es: este entendimento n\u00e3o se aplica quando o contribuinte ou entidade com resid\u00eancia fiscal noutro Estado-Membro da UE ou do Espa\u00e7o Econ\u00f3mico Europeu, ou num Estado com conven\u00e7\u00e3o de dupla tributa\u00e7\u00e3o e troca de informa\u00e7\u00f5es fiscais, est\u00e1 envolvido.<\/p>\n","protected":false},"excerpt":{"rendered":"A Autoridade Tribut\u00e1ria e Aduaneira (AT) clarificou recentemente, no \u00e2mbito do C\u00f3digo do IRS, a tributa\u00e7\u00e3o por mais-valias&hellip;\n","protected":false},"author":2,"featured_media":141689,"comment_status":"","ping_status":"","sticky":false,"template":"","format":"standard","meta":{"footnotes":""},"categories":[83],"tags":[88,7217,89,90,32,33],"class_list":{"0":"post-141688","1":"post","2":"type-post","3":"status-publish","4":"format-standard","5":"has-post-thumbnail","7":"category-empresas","8":"tag-business","9":"tag-criptoativos","10":"tag-economy","11":"tag-empresas","12":"tag-portugal","13":"tag-pt"},"share_on_mastodon":{"url":"https:\/\/pubeurope.com\/@pt\/115502926178565993","error":""},"_links":{"self":[{"href":"https:\/\/www.europesays.com\/pt\/wp-json\/wp\/v2\/posts\/141688","targetHints":{"allow":["GET"]}}],"collection":[{"href":"https:\/\/www.europesays.com\/pt\/wp-json\/wp\/v2\/posts"}],"about":[{"href":"https:\/\/www.europesays.com\/pt\/wp-json\/wp\/v2\/types\/post"}],"author":[{"embeddable":true,"href":"https:\/\/www.europesays.com\/pt\/wp-json\/wp\/v2\/users\/2"}],"replies":[{"embeddable":true,"href":"https:\/\/www.europesays.com\/pt\/wp-json\/wp\/v2\/comments?post=141688"}],"version-history":[{"count":0,"href":"https:\/\/www.europesays.com\/pt\/wp-json\/wp\/v2\/posts\/141688\/revisions"}],"wp:featuredmedia":[{"embeddable":true,"href":"https:\/\/www.europesays.com\/pt\/wp-json\/wp\/v2\/media\/141689"}],"wp:attachment":[{"href":"https:\/\/www.europesays.com\/pt\/wp-json\/wp\/v2\/media?parent=141688"}],"wp:term":[{"taxonomy":"category","embeddable":true,"href":"https:\/\/www.europesays.com\/pt\/wp-json\/wp\/v2\/categories?post=141688"},{"taxonomy":"post_tag","embeddable":true,"href":"https:\/\/www.europesays.com\/pt\/wp-json\/wp\/v2\/tags?post=141688"}],"curies":[{"name":"wp","href":"https:\/\/api.w.org\/{rel}","templated":true}]}}