{"id":141690,"date":"2025-11-06T13:12:08","date_gmt":"2025-11-06T13:12:08","guid":{"rendered":"https:\/\/www.europesays.com\/pt\/141690\/"},"modified":"2025-11-06T13:12:08","modified_gmt":"2025-11-06T13:12:08","slug":"guerra-hibrida-belgica-debate-ameaca-dos-drones-em-reuniao-de-emergencia","status":"publish","type":"post","link":"https:\/\/www.europesays.com\/pt\/141690\/","title":{"rendered":"&#8220;Guerra h\u00edbrida&#8221;. B\u00e9lgica debate amea\u00e7a dos drones em reuni\u00e3o de emerg\u00eancia"},"content":{"rendered":"<p>                O ministro do Interior da B\u00e9lgica, Bernard Quentin, afirmou que a repeti\u00e7\u00e3o de incidentes com drones &#8220;afeta diretamente a seguran\u00e7a do pa\u00eds\u201d e disse que \u00e9 preciso agir \u201cde forma calma, s\u00e9ria e coordenada\u201d.<\/p>\n<p><b>Os drones t\u00eam causado grandes transtornos em toda a Europa nos \u00faltimos meses, obrigando ao encerramento tempor\u00e1rio de aeroportos em v\u00e1rios pa\u00edses. <\/b>Algumas autoridades atribu\u00edram os incidentes \u00e0 &#8220;guerra h\u00edbrida&#8221; da R\u00fassia, embora Moscovo negue qualquer envolvimento.<\/p>\n<p><b>Na \u00faltima noite, as chegadas e as partidas foram interrompidas no aeroporto de Bruxelas, o mais movimentado da B\u00e9lgica, depois de tr\u00eas drones terem sobrevoado o per\u00edmetro do aeroporto.<\/b><\/p>\n<p>Quase em simult\u00e2neo, foram avistados drones sobre os aeroportos de Antu\u00e9rpia, Li\u00e8ge e Ostende, obrigando ao seu encerramento tamb\u00e9m at\u00e9 \u00e0s primeiras horas da manh\u00e3 de quarta-feira. Os drones tamb\u00e9m foram vistos a sobrevoar a base a\u00e9rea de Florennes, de acordo com o Minist\u00e9rio da Defesa.<\/p>\n<p><b>O aeroporto de Bruxelas reabriu brevemente ap\u00f3s duas horas, mas foi novamente encerrado depois de pelo menos um drone ter ressurgido no espa\u00e7o a\u00e9reo. A suspens\u00e3o dos voos terminou por volta das 02h00 da manh\u00e3.<\/b><\/p>\n<p><b>Antes destes \u00faltimos avistamentos, as autoridades belgas j\u00e1 estavam a investigar misteriosos avistamentos de drones em diversas bases militares durante o fim de semana<\/b>, incluindo Kleine-Brogel, perto da fronteira com a Holanda, que abriga os ca\u00e7as F-16 da B\u00e9lgica e \u00e9 amplamente divulgada como um local de armazenamento de armas nucleares norte-americanas.<br \/>&#13;<br \/>\nMinistro da Defesa fala em ataques coordenados<br \/>&#13;<br \/>\nO ministro belga da Defesa, Theo Francken, disse a uma comiss\u00e3o parlamentar que os incidentes pareciam ter sido coordenados para fomentar perturba\u00e7\u00f5es.<\/p>\n<p><b>&#8220;Isto est\u00e1 em linha com as t\u00e9cnicas h\u00edbridas vistas noutros pa\u00edses. N\u00e3o se trata apenas de algu\u00e9m que pilota um drone por acaso sobre uma base militar ou um aeroporto&#8230; H\u00e1 v\u00e1rios ind\u00edcios de que isto foi organizado de forma muito estruturada\u201d, disse.<\/b><\/p>\n<p>O Governo belga n\u00e3o divulgou quem considera respons\u00e1vel pelos drones, mas uma fonte disse \u00e0 ag\u00eancia de not\u00edcias belga que os servi\u00e7os de seguran\u00e7a t\u00eam &#8220;poucas d\u00favidas&#8221; de que um agente estatal, &#8220;muito provavelmente a R\u00fassia&#8221;, esteja por tr\u00e1s dos recentes avistamentos. O Aeroporto de Bruxelas informou que 81 voos foram cancelados e 24 desviados desde o encerramento inicial na noite de quarta-feira. Quase metade dos cancelamentos ocorreu ap\u00f3s a reabertura do aeroporto na manh\u00e3 de quarta-feira.<\/p>\n<p><b>Os avistamentos de drones na B\u00e9lgica s\u00e3o apenas os mais recentes, ap\u00f3s um aumento nas incurs\u00f5es no espa\u00e7o a\u00e9reo europeu desde meados de setembro. <\/b>Nas \u00faltimas semanas, foram avistados drones na Rep\u00fablica Checa, Dinamarca, Est\u00f3nia, Alemanha, Pol\u00f3nia, Noruega e Espanha.<\/p>\n<p>As autoridades da Dinamarca, Noruega e Alemanha est\u00e3o a investigar avistamentos de drones que paralisaram temporariamente o tr\u00e1fego a\u00e9reo nos aeroportos de Oslo, Copenhaga e Munique desde setembro, embora at\u00e9 agora tenham sido divulgados publicamente poucos detalhes sobre o que realmente aconteceu nestes casos.<\/p>\n<p>&#13;<br \/>\nAs tens\u00f5es entre a B\u00e9lgica e a R\u00fassia, em particular, t\u00eam aumentado nas \u00faltimas semanas, enquanto Bruxelas enfrente press\u00e3o dos parceiros da Uni\u00e3o Europeia para permitir o uso de ativos russos congelados para ajudar a Ucr\u00e2nia.&#13;\n<\/p>\n<p>&#13;<br \/>\nNa semana passada, o ex-presidente russo Dmitry Medvedev chamou o ministro belga da Defesa de \u201cimbecil\u201d, depois de este ter dado uma entrevista onde disse n\u00e3o estar preocupado com um eventual ataque nuclear russo contra Bruxelas, porque a NATO \u201carrasaria Moscovo\u201d. <br \/>&#13;\n<\/p>\n<p>\nc\/ ag\u00eancias<\/p>\n","protected":false},"excerpt":{"rendered":"O ministro do Interior da B\u00e9lgica, Bernard Quentin, afirmou que a repeti\u00e7\u00e3o de incidentes com drones &#8220;afeta diretamente&hellip;\n","protected":false},"author":2,"featured_media":141691,"comment_status":"","ping_status":"","sticky":false,"template":"","format":"standard","meta":{"footnotes":""},"categories":[50],"tags":[3917,27,28,837,15,16,14,25,26,21,22,62,12,13,19,20,23,24,17,18,29,30,31,63,64,65],"class_list":{"0":"post-141690","1":"post","2":"type-post","3":"status-publish","4":"format-standard","5":"has-post-thumbnail","7":"category-mundo","8":"tag-belgica","9":"tag-breaking-news","10":"tag-breakingnews","11":"tag-drones","12":"tag-featured-news","13":"tag-featurednews","14":"tag-headlines","15":"tag-latest-news","16":"tag-latestnews","17":"tag-main-news","18":"tag-mainnews","19":"tag-mundo","20":"tag-news","21":"tag-noticias","22":"tag-noticias-principais","23":"tag-noticiasprincipais","24":"tag-principais-noticias","25":"tag-principaisnoticias","26":"tag-top-stories","27":"tag-topstories","28":"tag-ultimas","29":"tag-ultimas-noticias","30":"tag-ultimasnoticias","31":"tag-world","32":"tag-world-news","33":"tag-worldnews"},"share_on_mastodon":{"url":"https:\/\/pubeurope.com\/@pt\/115502929835435582","error":""},"_links":{"self":[{"href":"https:\/\/www.europesays.com\/pt\/wp-json\/wp\/v2\/posts\/141690","targetHints":{"allow":["GET"]}}],"collection":[{"href":"https:\/\/www.europesays.com\/pt\/wp-json\/wp\/v2\/posts"}],"about":[{"href":"https:\/\/www.europesays.com\/pt\/wp-json\/wp\/v2\/types\/post"}],"author":[{"embeddable":true,"href":"https:\/\/www.europesays.com\/pt\/wp-json\/wp\/v2\/users\/2"}],"replies":[{"embeddable":true,"href":"https:\/\/www.europesays.com\/pt\/wp-json\/wp\/v2\/comments?post=141690"}],"version-history":[{"count":0,"href":"https:\/\/www.europesays.com\/pt\/wp-json\/wp\/v2\/posts\/141690\/revisions"}],"wp:featuredmedia":[{"embeddable":true,"href":"https:\/\/www.europesays.com\/pt\/wp-json\/wp\/v2\/media\/141691"}],"wp:attachment":[{"href":"https:\/\/www.europesays.com\/pt\/wp-json\/wp\/v2\/media?parent=141690"}],"wp:term":[{"taxonomy":"category","embeddable":true,"href":"https:\/\/www.europesays.com\/pt\/wp-json\/wp\/v2\/categories?post=141690"},{"taxonomy":"post_tag","embeddable":true,"href":"https:\/\/www.europesays.com\/pt\/wp-json\/wp\/v2\/tags?post=141690"}],"curies":[{"name":"wp","href":"https:\/\/api.w.org\/{rel}","templated":true}]}}