{"id":141692,"date":"2025-11-06T13:14:15","date_gmt":"2025-11-06T13:14:15","guid":{"rendered":"https:\/\/www.europesays.com\/pt\/141692\/"},"modified":"2025-11-06T13:14:15","modified_gmt":"2025-11-06T13:14:15","slug":"guardas-fizeram-turno-de-13-horas-para-recluso-ir-a-velorio-da-mae","status":"publish","type":"post","link":"https:\/\/www.europesays.com\/pt\/141692\/","title":{"rendered":"Guardas fizeram turno de 13 horas para recluso ir a vel\u00f3rio da m\u00e3e"},"content":{"rendered":"<p data-remotead-prev-elm=\"true\" data-remotead-elm-id=\"inread\">Segundo informa\u00e7\u00f5es recolhidas pelo JN, o recluso foi transferido na tarde desta quarta-feira do Estabelecimento Prisional das Caldas da Rainha para o do Porto, em Custoias, Matosinhos, onde ter\u00e1 chegado \u00e0s 19 horas e de onde seguiu, escoltado por seis guardas desta cadeia, para o vel\u00f3rio da m\u00e3e, uma vez que obteve a autoriza\u00e7\u00e3o do respetivo diretor para o efeito.<\/p>\n<p>A decis\u00e3o est\u00e1 a causar indigna\u00e7\u00e3o entre os guardas prisionais, uma vez que, para garantir a seguran\u00e7a do transporte do recluso ao Bairro da Pasteleira, onde decorria o vel\u00f3rio, foram empenhados profissionais que, \u00e0s 16 horas, iriam render outros quatro que faziam vigil\u00e2ncia a tr\u00eas reclusos internados em dois hospitais, no Porto e em Matosinhos, desde as 8 horas.<\/p>\n<p>Ao serem desviados aqueles guardas para a Pasteleira, os que estavam nas unidades hospitalares (dois em cada) viram o turno terminar apenas \u00e0s 21 horas.<\/p>\n<p>&#8220;N\u00e3o percebe nada de seguran\u00e7a&#8221;, diz l\u00edder sindical<\/p>\n<p data-remotead-prev-elm=\"true\" data-remotead-elm-id=\"centro1\">O presidente do Sindicato Nacional do Corpo da Guarda Prisional, Frederico Morais, condena a decis\u00e3o do diretor da cadeia de Custoias, Jos\u00e9 J\u00falio Silva, que considera que &#8220;n\u00e3o tem condi\u00e7\u00f5es para continuar a dirigir este estabelecimento prisional&#8221;, e pede a interven\u00e7\u00e3o da ministra da Justi\u00e7a, Rita Alarc\u00e3o J\u00fadice.<\/p>\n<p>Para Frederico Morais, \u00e9 &#8220;lament\u00e1vel&#8221; que o diretor da cadeia de Custoias &#8220;mande seis guardas levar um recluso a um vel\u00f3rio, \u00e0s 7 da noite, ao Bairro da Pasteleira&#8221;. &#8220;Demonstra que n\u00e3o percebe nada de seguran\u00e7a&#8221;, acusa, por considerar que o diretor p\u00f4s &#8220;a vida dos elementos do corpo da guarda prisional em causa&#8221;. De resto, afirma que &#8220;t\u00eam sido constantes as falhas e as viola\u00e7\u00f5es de seguran\u00e7a&#8221; em Custoias.<\/p>\n<p>O JN questionou a Dire\u00e7\u00e3o-Geral dos Servi\u00e7os Prisionais, mas n\u00e3o obteve resposta em tempo \u00fatil.<\/p>\n","protected":false},"excerpt":{"rendered":"Segundo informa\u00e7\u00f5es recolhidas pelo JN, o recluso foi transferido na tarde desta quarta-feira do Estabelecimento Prisional das Caldas&hellip;\n","protected":false},"author":2,"featured_media":141693,"comment_status":"","ping_status":"","sticky":false,"template":"","format":"standard","meta":{"footnotes":""},"categories":[8],"tags":[27,28,21822,15,16,19778,14,603,25,26,21,22,12,13,19,20,32,23,24,33,17,18,29,30,31],"class_list":{"0":"post-141692","1":"post","2":"type-post","3":"status-publish","4":"format-standard","5":"has-post-thumbnail","7":"category-principais-noticias","8":"tag-breaking-news","9":"tag-breakingnews","10":"tag-cadeia-de-custoias","11":"tag-featured-news","12":"tag-featurednews","13":"tag-guardas-prisionais","14":"tag-headlines","15":"tag-justica","16":"tag-latest-news","17":"tag-latestnews","18":"tag-main-news","19":"tag-mainnews","20":"tag-news","21":"tag-noticias","22":"tag-noticias-principais","23":"tag-noticiasprincipais","24":"tag-portugal","25":"tag-principais-noticias","26":"tag-principaisnoticias","27":"tag-pt","28":"tag-top-stories","29":"tag-topstories","30":"tag-ultimas","31":"tag-ultimas-noticias","32":"tag-ultimasnoticias"},"share_on_mastodon":{"url":"https:\/\/pubeurope.com\/@pt\/115502938141593435","error":""},"_links":{"self":[{"href":"https:\/\/www.europesays.com\/pt\/wp-json\/wp\/v2\/posts\/141692","targetHints":{"allow":["GET"]}}],"collection":[{"href":"https:\/\/www.europesays.com\/pt\/wp-json\/wp\/v2\/posts"}],"about":[{"href":"https:\/\/www.europesays.com\/pt\/wp-json\/wp\/v2\/types\/post"}],"author":[{"embeddable":true,"href":"https:\/\/www.europesays.com\/pt\/wp-json\/wp\/v2\/users\/2"}],"replies":[{"embeddable":true,"href":"https:\/\/www.europesays.com\/pt\/wp-json\/wp\/v2\/comments?post=141692"}],"version-history":[{"count":0,"href":"https:\/\/www.europesays.com\/pt\/wp-json\/wp\/v2\/posts\/141692\/revisions"}],"wp:featuredmedia":[{"embeddable":true,"href":"https:\/\/www.europesays.com\/pt\/wp-json\/wp\/v2\/media\/141693"}],"wp:attachment":[{"href":"https:\/\/www.europesays.com\/pt\/wp-json\/wp\/v2\/media?parent=141692"}],"wp:term":[{"taxonomy":"category","embeddable":true,"href":"https:\/\/www.europesays.com\/pt\/wp-json\/wp\/v2\/categories?post=141692"},{"taxonomy":"post_tag","embeddable":true,"href":"https:\/\/www.europesays.com\/pt\/wp-json\/wp\/v2\/tags?post=141692"}],"curies":[{"name":"wp","href":"https:\/\/api.w.org\/{rel}","templated":true}]}}