{"id":141694,"date":"2025-11-06T13:15:22","date_gmt":"2025-11-06T13:15:22","guid":{"rendered":"https:\/\/www.europesays.com\/pt\/141694\/"},"modified":"2025-11-06T13:15:22","modified_gmt":"2025-11-06T13:15:22","slug":"debora-do-batom-e-levada-as-pressas-para-o-hospital","status":"publish","type":"post","link":"https:\/\/www.europesays.com\/pt\/141694\/","title":{"rendered":"\u2018D\u00e9bora do Batom\u2019 \u00e9 levada \u00e0s pressas para o hospital"},"content":{"rendered":"<p>  <img class=\"content-first-image wp-image-2707455 size-full\" loading=\"eager\" decoding=\"sync\" fetchpriority=\"high\" src=\"https:\/\/www.europesays.com\/pt\/wp-content\/uploads\/2025\/11\/debora-do-batom-passou-mal-e-foi-levada-ao-hospital.jpg\" alt=\"\u2018D\u00e9bora do Batom\u2019 foi levada ao hospital\" width=\"1200\" height=\"700\"  \/>\u2018D\u00e9bora do Batom\u2019 passou mal e foi levada ao hospitalFoto: Reprodu\u00e7\u00e3o\/ND<\/p>\n<p>A cabeleireira D\u00e9bora Rodrigues, conhecida como \u201cD\u00e9bora do Batom\u201d, deixou a pris\u00e3o domiciliar sem autoriza\u00e7\u00e3o do ministro Alexandre de Moraes.<\/p>\n<p>Ela precisou ser levada \u00e0s pressas para o hospital ap\u00f3s passar mal em sua resid\u00eancia, <a href=\"https:\/\/ndmais.com.br\/justica\/condenada-a-14-anos-debora-do-batom-comeca-a-cumprir-pena-em-casa\/\" rel=\"nofollow noopener\" target=\"_blank\">onde cumpre pris\u00e3o domiciliar<\/a>.<\/p>\n<p>O caso foi comunicado oficialmente ao <a href=\"https:\/\/portal.stf.jus.br\/\" target=\"_blank\" rel=\"noopener nofollow\">STF (Supremo Tribunal Federal)<\/a> por meio de um relat\u00f3rio de monitoramento eletr\u00f4nico enviado pelo N\u00facleo de Monitoramento de Pessoas (NMP) da Secretaria de Administra\u00e7\u00e3o Penitenci\u00e1ria de S\u00e3o Paulo.<\/p>\n<p><a class=\"cta-discover d-flex justify-content-between align-items-center w-100\" target=\"_blank\" rel=\"nofollow noopner noopener\" href=\"https:\/\/profile.google.com\/cp\/Cg0vZy8xMXZ5cjY4NHho\">   Fa\u00e7a como milh\u00f5es de leitores informados: siga o ND Mais no Google.  Seguir<\/a> <\/p>\n<p>Segundo o documento, D\u00e9bora alegou ter sido acometida por uma infec\u00e7\u00e3o urin\u00e1ria, o que a levou a sair de casa na noite de segunda-feira (3) para buscar atendimento m\u00e9dico no Hospital Municipal de Paul\u00ednia (SP).<\/p>\n<p>O relat\u00f3rio indica que ela deixou a \u00e1rea de inclus\u00e3o \u2013 o per\u00edmetro domiciliar permitido \u2013 \u00e0s 20h38 do dia 3 e retornou apenas \u00e0s 3h07 da madrugada do dia seguinte, configurando uma viola\u00e7\u00e3o da medida cautelar.<\/p>\n<p><img class=\"wp-image-2656532 size-full\" loading=\"lazy\" decoding=\"async\" src=\"https:\/\/www.europesays.com\/pt\/wp-content\/uploads\/2025\/11\/debora-do-batom.jpg\" alt=\"D\u00e9bora Rodrigues\" width=\"1200\" height=\"800\"  \/>Relat\u00f3rio diz que D\u00e9bora Rodrigues saiu sem autoriza\u00e7\u00e3o da pris\u00e3o domiciliarFoto: Reprodu\u00e7\u00e3o\/STF\/ND<\/p>\n<p>O n\u00facleo de monitoramento relatou que, ao perceber o descumprimento, entrou em contato com o marido de \u201cD\u00e9bora do Batom\u201d \u00e0s 22h07, sendo informado de que ela estava passando mal e recebendo atendimento m\u00e9dico.<\/p>\n<p>Mais tarde, \u00e0s 4h41 da ter\u00e7a-feira (4), a equipe ligou para a irm\u00e3 da cabeleireira, Cl\u00e1udia, que confirmou o epis\u00f3dio e disse que D\u00e9bora apresentava dores intensas.<\/p>\n<p>\u2018D\u00e9bora do Batom\u2019 foi condenada por vandalismo durante os atos de 8 de janeiro<\/p>\n<p>Conhecida nacionalmente como \u201cD\u00e9bora do Batom\u201d, a cabeleireira ganhou notoriedade por <a href=\"https:\/\/ndmais.com.br\/justica\/perdeu-mane-mulher-que-pichou-a-estatua-do-stf-chora-e-pede-perdao-a-moraes-minha-familia-sofre\/\" rel=\"nofollow noopener\" target=\"_blank\">pichar a frase \u201cPerdeu, man\u00e9\u201d na est\u00e1tua da Justi\u00e7a<\/a> em frente ao pr\u00e9dio do STF durante os atos de 8 de janeiro de 2023.<\/p>\n<p>Condenada por crimes de aboli\u00e7\u00e3o violenta do Estado Democr\u00e1tico de Direito e dano qualificado, ela cumpre pena em pris\u00e3o domiciliar com uso de tornozeleira eletr\u00f4nica, conforme decis\u00e3o de Moraes.<\/p>\n<p><img class=\"wp-image-2656531 size-full\" loading=\"lazy\" decoding=\"async\" src=\"https:\/\/www.europesays.com\/pt\/wp-content\/uploads\/2025\/11\/estatua-justica.jpg\" alt=\"Cabeleireira pichou &quot;Perdeu, man\u00e9&quot;\" width=\"1200\" height=\"800\"  \/>Cabeleireira pichou \u201cPerdeu, man\u00e9\u201d na Est\u00e1tua da Justi\u00e7aFoto: Jo\u00e9dson Alves\/Ag\u00eancia Brasil\/ND<\/p>\n<p>O N\u00facleo de Monitoramento de Pessoas informou ainda que os funcion\u00e1rios do hospital foram notificados sobre o uso da tornozeleira eletr\u00f4nica, mas n\u00e3o foi concedido atendimento preferencial \u00e0 paciente.<\/p>\n<p>Agora, o caso ser\u00e1 analisado pelo <a href=\"https:\/\/ndmais.com.br\/politica\/quem-e-alexandre-de-moraes\/\" rel=\"nofollow noopener\" target=\"_blank\">ministro Alexandre de Moraes<\/a>, que poder\u00e1 decidir se o epis\u00f3dio configura viola\u00e7\u00e3o grave da medida e se haver\u00e1 consequ\u00eancias legais.<\/p>\n","protected":false},"excerpt":{"rendered":"\u2018D\u00e9bora do Batom\u2019 passou mal e foi levada ao hospitalFoto: Reprodu\u00e7\u00e3o\/ND A cabeleireira D\u00e9bora Rodrigues, conhecida como \u201cD\u00e9bora&hellip;\n","protected":false},"author":2,"featured_media":141695,"comment_status":"","ping_status":"","sticky":false,"template":"","format":"standard","meta":{"footnotes":""},"categories":[145],"tags":[4178,31413,27739,726,211,210,114,115,5467,17489,1968,5466,32,33,1741,4066,19043],"class_list":{"0":"post-141694","1":"post","2":"type-post","3":"status-publish","4":"format-standard","5":"has-post-thumbnail","7":"category-celebridades","8":"tag-alexandre-de-moraes","9":"tag-ataques-de-8-de-janeiro","10":"tag-braslia-df","11":"tag-brasil","12":"tag-celebridades","13":"tag-celebrities","14":"tag-entertainment","15":"tag-entretenimento","16":"tag-justia","17":"tag-nacional-especial","18":"tag-notcia","19":"tag-poltica","20":"tag-portugal","21":"tag-pt","22":"tag-so-paulo","23":"tag-sade","24":"tag-supremo-tribunal-federal-stf"},"share_on_mastodon":{"url":"https:\/\/pubeurope.com\/@pt\/115502941887265123","error":""},"_links":{"self":[{"href":"https:\/\/www.europesays.com\/pt\/wp-json\/wp\/v2\/posts\/141694","targetHints":{"allow":["GET"]}}],"collection":[{"href":"https:\/\/www.europesays.com\/pt\/wp-json\/wp\/v2\/posts"}],"about":[{"href":"https:\/\/www.europesays.com\/pt\/wp-json\/wp\/v2\/types\/post"}],"author":[{"embeddable":true,"href":"https:\/\/www.europesays.com\/pt\/wp-json\/wp\/v2\/users\/2"}],"replies":[{"embeddable":true,"href":"https:\/\/www.europesays.com\/pt\/wp-json\/wp\/v2\/comments?post=141694"}],"version-history":[{"count":0,"href":"https:\/\/www.europesays.com\/pt\/wp-json\/wp\/v2\/posts\/141694\/revisions"}],"wp:featuredmedia":[{"embeddable":true,"href":"https:\/\/www.europesays.com\/pt\/wp-json\/wp\/v2\/media\/141695"}],"wp:attachment":[{"href":"https:\/\/www.europesays.com\/pt\/wp-json\/wp\/v2\/media?parent=141694"}],"wp:term":[{"taxonomy":"category","embeddable":true,"href":"https:\/\/www.europesays.com\/pt\/wp-json\/wp\/v2\/categories?post=141694"},{"taxonomy":"post_tag","embeddable":true,"href":"https:\/\/www.europesays.com\/pt\/wp-json\/wp\/v2\/tags?post=141694"}],"curies":[{"name":"wp","href":"https:\/\/api.w.org\/{rel}","templated":true}]}}