{"id":141700,"date":"2025-11-06T13:21:09","date_gmt":"2025-11-06T13:21:09","guid":{"rendered":"https:\/\/www.europesays.com\/pt\/141700\/"},"modified":"2025-11-06T13:21:09","modified_gmt":"2025-11-06T13:21:09","slug":"aos-15-anos-max-dowman-estreia-se-na-champions-e-o-mais-novo-de-sempre-a-faze-lo-futebol","status":"publish","type":"post","link":"https:\/\/www.europesays.com\/pt\/141700\/","title":{"rendered":"Aos 15 anos, Max Dowman estreia-se na \u201cChampions\u201d \u2014 \u00e9 o mais novo de sempre a faz\u00ea-lo | Futebol"},"content":{"rendered":"<p>Manter a concentra\u00e7\u00e3o numa aula do 9.\u00ba ano poucas horas ap\u00f3s jogar pela equipa de cora\u00e7\u00e3o na Liga dos Campe\u00f5es deve ser tarefa complicada. Max Dowman que o diga. Com 15 anos e 308 dias de idade, o jovem quebrou um recorde na competi\u00e7\u00e3o internacional, tornando-se o jogador mais novo de sempre a jogar na &#8220;Champions&#8221;. Esta ter\u00e7a-feira, 5 de Novembro, entrou aos 72 minutos na vit\u00f3ria por 3-0 frente ao Slavia de Praga.<\/p>\n<p>Natural de Chelmsford, uma pequena cidade no condado ingl\u00eas de Essex, o jovem tem conseguido ganhar protagonismo <a href=\"https:\/\/www.publico.pt\/arsenal-\" rel=\"nofollow noopener\" target=\"_blank\">na equipa<\/a> de Mikel Arteta. O extremo-direito come\u00e7a agora a destacar-se na selec\u00e7\u00e3o sub-19 de Inglaterra, competindo contra jogadores dois anos mais velhos. No jogo frente ao Slavia de Praga, entrou na partida sem medo, pegou na bola e seguiu directo \u00e0 baliza advers\u00e1ria. S\u00f3 parou quando foi travado em falta por um jogador da equipa checa.<\/p>\n<p>&#8220;O que ele faz em campo&#8230; a primeira bola que apanha, avan\u00e7a para o defesa, come\u00e7a a driblar e ganha uma falta. Isso \u00e9 personalidade e coragem&#8221;, disse <a href=\"https:\/\/www.publico.pt\/2025\/08\/17\/desporto\/noticia\/arsenal-entra-premier-league-202526-triunfo-old-trafford-2144191\" rel=\"nofollow noopener\" target=\"_blank\">Mikel Arteta,<\/a> treinador principal do Arsenal, quando questionado sobre os minutos em campo do jovem de 15 anos. &#8220;N\u00e3o d\u00e1 para ensinar isso. Tens ou n\u00e3o. N\u00e3o interessa o que diz o passaporte, metes [Dowman] l\u00e1 dentro, neste contexto, e ele est\u00e1 preparado para se adaptar e ter um bom desempenho&#8221;, prosseguiu o t\u00e9cnico dos gunners.<\/p>\n<p>Dowman estreou-se pela equipa principal do Arsenal em Agosto, durante a vit\u00f3ria por 5-0 frente ao Leeds. Apesar da tenra idade, n\u00e3o \u00e9 o mais novo de sempre a faz\u00ea-lo pelos londrinos, sendo ultrapassado pelo colega de equipa Ethan Nwaneri, que det\u00e9m o recorde na <a href=\"https:\/\/www.publico.pt\/premier-league\" rel=\"nofollow noopener\" target=\"_blank\">Premier League<\/a>. O avan\u00e7ado de ascend\u00eancia nigeriana entrou em campo com 15 anos, oito meses e 28 dias, numa partida em Setembro de 2022.<\/p>\n<p>Mas Dowman persegue agora o recorde detido por <a href=\"https:\/\/www.publico.pt\/2025\/06\/08\/desporto\/noticia\/cedo-dizer-lamine-yamal-melhor-mundo-2135950\" rel=\"nofollow noopener\" target=\"_blank\">Lamine Yamal,<\/a> prod\u00edgio do Barcelona, na Liga dos Campe\u00f5es. E o rel\u00f3gio est\u00e1 a esgotar-se. <\/p>\n<p>Em causa est\u00e1 o recorde de jogador mais jovem de sempre a come\u00e7ar uma partida da &#8220;Champions&#8221; como titular. Na partida contra <a href=\"https:\/\/www.publico.pt\/fc-porto\" rel=\"nofollow noopener\" target=\"_blank\">o FC Porto<\/a>, em Outubro de 2023, <a href=\"https:\/\/www.publico.pt\/2023\/10\/03\/desporto\/noticia\/bilhetes-fc-portobarcelona-venda-dois-mil-euros-internet-2065433\" rel=\"nofollow noopener\" target=\"_blank\">Lamine Yamal <\/a>ouviu o m\u00edtico hino da competi\u00e7\u00e3o de clubes no relvado do Est\u00e1dio do Drag\u00e3o, aos 16 anos e 83 dias. Mas, numa equipa recheada de estrelas como o Arsenal, n\u00e3o parece muito exequ\u00edvel que o venha a conseguir.<\/p>\n<p>Apesar de incomum, n\u00e3o se pode propriamente dizer que a ascens\u00e3o mete\u00f3rica de Max Dowman surpreendeu muita gente. O extremo mudou-se para Londres com apenas cinco anos, depois de ter come\u00e7ado a dar que falar na equipa de futebol local Billericay Town.<\/p>\n<p>O extremo completou com distin\u00e7\u00e3o as v\u00e1rias fases da academia de forma\u00e7\u00e3o do Arsenal, saltando escal\u00f5es e colmatando a diferen\u00e7a de f\u00edsico e altura com t\u00e9cnica pura.<\/p>\n<p>Resta agora saber que outras oportunidades ter\u00e1 para mostrar talento na temporada 2024-25. O Arsenal \u00e9 actualmente l\u00edder isolado da tabela da Premier League. Com 25 pontos em dez jogos, tem mais seis do que o segundo classificado, o <a href=\"https:\/\/www.publico.pt\/manchester-city\" rel=\"nofollow noopener\" target=\"_blank\">Manchester City<\/a>.<\/p>\n<p>Os gunners pretendem acabar com a sede de campeonatos que dura h\u00e1 mais de 20 anos. A \u00faltima Premier League conquistada pelos londrinos foi na \u00e9poca 2003-04.<\/p>\n","protected":false},"excerpt":{"rendered":"Manter a concentra\u00e7\u00e3o numa aula do 9.\u00ba ano poucas horas ap\u00f3s jogar pela equipa de cora\u00e7\u00e3o na Liga&hellip;\n","protected":false},"author":2,"featured_media":141701,"comment_status":"","ping_status":"","sticky":false,"template":"","format":"standard","meta":{"footnotes":""},"categories":[87],"tags":[135,524,138,1003,7972,542,32,666,33,134],"class_list":{"0":"post-141700","1":"post","2":"type-post","3":"status-publish","4":"format-standard","5":"has-post-thumbnail","7":"category-desporto","8":"tag-desporto","9":"tag-futebol","10":"tag-futebol-internacional","11":"tag-liga-dos-campeoes","12":"tag-liga-inglesa","13":"tag-para-redes","14":"tag-portugal","15":"tag-premier-league","16":"tag-pt","17":"tag-sports"},"share_on_mastodon":{"url":"https:\/\/pubeurope.com\/@pt\/115502965317081579","error":""},"_links":{"self":[{"href":"https:\/\/www.europesays.com\/pt\/wp-json\/wp\/v2\/posts\/141700","targetHints":{"allow":["GET"]}}],"collection":[{"href":"https:\/\/www.europesays.com\/pt\/wp-json\/wp\/v2\/posts"}],"about":[{"href":"https:\/\/www.europesays.com\/pt\/wp-json\/wp\/v2\/types\/post"}],"author":[{"embeddable":true,"href":"https:\/\/www.europesays.com\/pt\/wp-json\/wp\/v2\/users\/2"}],"replies":[{"embeddable":true,"href":"https:\/\/www.europesays.com\/pt\/wp-json\/wp\/v2\/comments?post=141700"}],"version-history":[{"count":0,"href":"https:\/\/www.europesays.com\/pt\/wp-json\/wp\/v2\/posts\/141700\/revisions"}],"wp:featuredmedia":[{"embeddable":true,"href":"https:\/\/www.europesays.com\/pt\/wp-json\/wp\/v2\/media\/141701"}],"wp:attachment":[{"href":"https:\/\/www.europesays.com\/pt\/wp-json\/wp\/v2\/media?parent=141700"}],"wp:term":[{"taxonomy":"category","embeddable":true,"href":"https:\/\/www.europesays.com\/pt\/wp-json\/wp\/v2\/categories?post=141700"},{"taxonomy":"post_tag","embeddable":true,"href":"https:\/\/www.europesays.com\/pt\/wp-json\/wp\/v2\/tags?post=141700"}],"curies":[{"name":"wp","href":"https:\/\/api.w.org\/{rel}","templated":true}]}}