{"id":141710,"date":"2025-11-06T13:34:11","date_gmt":"2025-11-06T13:34:11","guid":{"rendered":"https:\/\/www.europesays.com\/pt\/141710\/"},"modified":"2025-11-06T13:34:11","modified_gmt":"2025-11-06T13:34:11","slug":"cristiano-ronaldo-fala-sobre-a-morte-do-filho-e-o-impacto-que-teve-na-relacao-com-georgina-rodriguez","status":"publish","type":"post","link":"https:\/\/www.europesays.com\/pt\/141710\/","title":{"rendered":"Cristiano Ronaldo fala sobre a morte do filho e o impacto que teve na rela\u00e7\u00e3o com Georgina Rodr\u00edguez"},"content":{"rendered":"<p>Foi em abril de 2022 que <a href=\"https:\/\/selfie.iol.pt\/famosos\/cristiano-ronaldo\/cristiano-ronaldo-e-primeiro-bilionario-do-futebol\/20251009\/68e788b2d34e58bc6796afd6\" target=\"_blank\" rel=\"nofollow noopener\">Cristiano Ronaldo<\/a> e <a href=\"https:\/\/selfie.iol.pt\/famosos\/cristiano-ronaldo\/cristiano-ronaldo-pede-georgina-rodriguez-em-casamento-veja-o-anel-de-noivado\/20250811\/689a264dd34ef72ee4495462\" target=\"_blank\" wbo-id=\"59\" rel=\"nofollow noopener\">Georgina Rodr\u00edguez<\/a> viveram um dos momentos mais dram\u00e1ticos das suas vidas. O casal estava \u00e0 espera de g\u00e9meos, mas acabou por perder um dos beb\u00e9s, um menino.<\/p>\n<p>&#8220;Apoi\u00e1mo-nos muito&#8221;, come\u00e7ou por revelar o futebolista, na entrevista concedida a Piers Morgan, acerca da forma como o casal lidou com a perda: &#8220;O que aconteceu consolidou a nossa rela\u00e7\u00e3o. Uma coisa que aprendi com o passar do tempo \u00e9 que mesmo nos piores momentos \u00e9 preciso fazer com que as coisas avancem. \u00c9 preciso encontrar um equil\u00edbrio.&#8221;<\/p>\n<p>&#8220;Vi a vida com outra perspetiva. Bella, que agora tem tr\u00eas anos, \u00e9 a rainha da fam\u00edlia, a alegria da casa. Tudo acontece por uma raz\u00e3o, acredito nisso. Somos muito aben\u00e7oados&#8221;, acrescentou Cristiano Ronaldo.<\/p>\n<p>De seguida, o internacional portugu\u00eas n\u00e3o poupou nos elogios \u00e0 noiva: &#8220;Ela tem muitas coisas que eu adoro, mas \u00e9 \u00fanica neste aspeto: cuida de mim, da fam\u00edlia, da casa, o que implica muito trabalho. Eu n\u00e3o o conseguiria fazer, os homens n\u00e3o o conseguiriam fazer. E ela \u00e9 especial para mim porque, al\u00e9m da beleza, \u00e9 uma pessoa que me compreende e toma conta de mim e da fam\u00edlia, e \u00e9 isso que eu procuro.&#8221;<\/p>\n<p>Veja, agora, o v\u00eddeo com as revela\u00e7\u00f5es de Cristiano Ronaldo.<\/p>\n","protected":false},"excerpt":{"rendered":"Foi em abril de 2022 que Cristiano Ronaldo e Georgina Rodr\u00edguez viveram um dos momentos mais dram\u00e1ticos das&hellip;\n","protected":false},"author":2,"featured_media":52265,"comment_status":"","ping_status":"","sticky":false,"template":"","format":"standard","meta":{"footnotes":""},"categories":[145],"tags":[211,210,668,667,114,115,980,11384,3509,619,30833,31414,32,33,1012,3004],"class_list":{"0":"post-141710","1":"post","2":"type-post","3":"status-publish","4":"format-standard","5":"has-post-thumbnail","7":"category-celebridades","8":"tag-celebridades","9":"tag-celebrities","10":"tag-cr7","11":"tag-cristiano-ronaldo","12":"tag-entertainment","13":"tag-entretenimento","14":"tag-famosos","15":"tag-futebolista","16":"tag-georgina-rodriguez","17":"tag-nacional","18":"tag-piers-morgan","19":"tag-piers-morgan-uncensored","20":"tag-portugal","21":"tag-pt","22":"tag-selfie","23":"tag-youtube"},"share_on_mastodon":{"url":"https:\/\/pubeurope.com\/@pt\/115503016404757294","error":""},"_links":{"self":[{"href":"https:\/\/www.europesays.com\/pt\/wp-json\/wp\/v2\/posts\/141710","targetHints":{"allow":["GET"]}}],"collection":[{"href":"https:\/\/www.europesays.com\/pt\/wp-json\/wp\/v2\/posts"}],"about":[{"href":"https:\/\/www.europesays.com\/pt\/wp-json\/wp\/v2\/types\/post"}],"author":[{"embeddable":true,"href":"https:\/\/www.europesays.com\/pt\/wp-json\/wp\/v2\/users\/2"}],"replies":[{"embeddable":true,"href":"https:\/\/www.europesays.com\/pt\/wp-json\/wp\/v2\/comments?post=141710"}],"version-history":[{"count":0,"href":"https:\/\/www.europesays.com\/pt\/wp-json\/wp\/v2\/posts\/141710\/revisions"}],"wp:featuredmedia":[{"embeddable":true,"href":"https:\/\/www.europesays.com\/pt\/wp-json\/wp\/v2\/media\/52265"}],"wp:attachment":[{"href":"https:\/\/www.europesays.com\/pt\/wp-json\/wp\/v2\/media?parent=141710"}],"wp:term":[{"taxonomy":"category","embeddable":true,"href":"https:\/\/www.europesays.com\/pt\/wp-json\/wp\/v2\/categories?post=141710"},{"taxonomy":"post_tag","embeddable":true,"href":"https:\/\/www.europesays.com\/pt\/wp-json\/wp\/v2\/tags?post=141710"}],"curies":[{"name":"wp","href":"https:\/\/api.w.org\/{rel}","templated":true}]}}