{"id":141722,"date":"2025-11-06T13:53:09","date_gmt":"2025-11-06T13:53:09","guid":{"rendered":"https:\/\/www.europesays.com\/pt\/141722\/"},"modified":"2025-11-06T13:53:09","modified_gmt":"2025-11-06T13:53:09","slug":"esse-e-o-motivo-de-millie-bobby-brown-nao-revelar-o-nome-da-filha","status":"publish","type":"post","link":"https:\/\/www.europesays.com\/pt\/141722\/","title":{"rendered":"Esse \u00e9 o motivo de Millie Bobby Brown n\u00e3o revelar o nome da filha"},"content":{"rendered":"<p><a href=\"https:\/\/natelinha.uol.com.br\/famosos\/tudo-sobre\/millie-bobby-brown\" rel=\"nofollow noopener\" target=\"_blank\">Millie Bobby Brown<\/a> adotou, ao lado do marido Jake Bongiovi &#8211; filho do cantor Jon Bon Jovi -, sua filha em agosto. Mas n\u00e3o pretende revelar seu nome. &#8220;Para mim, \u00e9 muito importante proteg\u00ea-la e proteger a hist\u00f3ria dela at\u00e9 que ela tenha idade suficiente para, quem sabe, um dia compartilh\u00e1-la por si mesma&#8221;, contou.<\/p>\n<p>A afirma\u00e7\u00e3o foi feita em entrevista \u00e0 Vogue Brit\u00e2nica. Ela pretende reservar sua identidade at\u00e9 que a pr\u00f3pria decida se quer ou n\u00e3o fazer isso. A ado\u00e7\u00e3o foi anunciada em uma publica\u00e7\u00e3o no Instagram.<\/p>\n<p>+\u00a0<a href=\"https:\/\/natelinha.uol.com.br\/famosos\/2025\/11\/06\/jeniffer-nascimento-relembra-susto-por-intoxicacao-apos-comer-lagosta-rosto-completamente-inchado-233558.php\" rel=\"nofollow noopener\" target=\"_blank\">Jeniffer Nascimento relembra susto por intoxica\u00e7\u00e3o ap\u00f3s comer lagosta: &#8220;Rosto completamente inchado&#8221;<\/a><\/p>\n<p>continua depois da publicidade<\/p>\n<p>+\u00a0<a href=\"https:\/\/natelinha.uol.com.br\/novelas\/2025\/11\/06\/eta-mundo-melhor-dita-sofre-grave-acidente-e-e-levada-as-pressas-ao-hospital-233526.php\" rel=\"nofollow noopener\" target=\"_blank\">\u00cata Mundo Melhor: Dita sofre grave acidente e \u00e9 levada \u00e0s pressas ao hospital<\/a><\/p>\n<blockquote>\n<p class=\"cit\">&#8220;Neste ver\u00e3o, demos as boas-vindas \u00e0 nossa doce menina por meio da ado\u00e7\u00e3o. Estamos muito animados para embarcar neste lindo pr\u00f3ximo cap\u00edtulo da paternidade com paz e privacidade.&#8221;<\/p>\n<\/blockquote>\n<p>Millie Bobby Brown sobre ado\u00e7\u00e3o<\/p>\n<p>Na sequ\u00eancia, acrescentou: &#8220;N\u00e3o me cabe coloc\u00e1-la propositalmente em evid\u00eancia contra a sua vontade&#8221;.<\/p>\n<p>A atriz ficou famosa em 2016, com apenas 14 anos, quando foi lan\u00e7ada a primeira temporada de Stranger Things, pela Netflix. A s\u00e9rie chega a seu quinto e \u00faltimo ano em dezembro. Ela tamb\u00e9m j\u00e1 atuou em filmes e outros seriados norte-americanos.<\/p>\n","protected":false},"excerpt":{"rendered":"Millie Bobby Brown adotou, ao lado do marido Jake Bongiovi &#8211; filho do cantor Jon Bon Jovi -,&hellip;\n","protected":false},"author":2,"featured_media":141723,"comment_status":"","ping_status":"","sticky":false,"template":"","format":"standard","meta":{"footnotes":""},"categories":[145],"tags":[211,210,114,115,30722,32,33],"class_list":{"0":"post-141722","1":"post","2":"type-post","3":"status-publish","4":"format-standard","5":"has-post-thumbnail","7":"category-celebridades","8":"tag-celebridades","9":"tag-celebrities","10":"tag-entertainment","11":"tag-entretenimento","12":"tag-millie-bobby-brown","13":"tag-portugal","14":"tag-pt"},"share_on_mastodon":{"url":"https:\/\/pubeurope.com\/@pt\/115503091129772508","error":""},"_links":{"self":[{"href":"https:\/\/www.europesays.com\/pt\/wp-json\/wp\/v2\/posts\/141722","targetHints":{"allow":["GET"]}}],"collection":[{"href":"https:\/\/www.europesays.com\/pt\/wp-json\/wp\/v2\/posts"}],"about":[{"href":"https:\/\/www.europesays.com\/pt\/wp-json\/wp\/v2\/types\/post"}],"author":[{"embeddable":true,"href":"https:\/\/www.europesays.com\/pt\/wp-json\/wp\/v2\/users\/2"}],"replies":[{"embeddable":true,"href":"https:\/\/www.europesays.com\/pt\/wp-json\/wp\/v2\/comments?post=141722"}],"version-history":[{"count":0,"href":"https:\/\/www.europesays.com\/pt\/wp-json\/wp\/v2\/posts\/141722\/revisions"}],"wp:featuredmedia":[{"embeddable":true,"href":"https:\/\/www.europesays.com\/pt\/wp-json\/wp\/v2\/media\/141723"}],"wp:attachment":[{"href":"https:\/\/www.europesays.com\/pt\/wp-json\/wp\/v2\/media?parent=141722"}],"wp:term":[{"taxonomy":"category","embeddable":true,"href":"https:\/\/www.europesays.com\/pt\/wp-json\/wp\/v2\/categories?post=141722"},{"taxonomy":"post_tag","embeddable":true,"href":"https:\/\/www.europesays.com\/pt\/wp-json\/wp\/v2\/tags?post=141722"}],"curies":[{"name":"wp","href":"https:\/\/api.w.org\/{rel}","templated":true}]}}