{"id":14173,"date":"2025-08-03T12:29:08","date_gmt":"2025-08-03T12:29:08","guid":{"rendered":"https:\/\/www.europesays.com\/pt\/14173\/"},"modified":"2025-08-03T12:29:08","modified_gmt":"2025-08-03T12:29:08","slug":"gracyanne-barbosa-e-coroada-rainha-de-bateria-da-uniao-da-ilha-o-dia-na-folia","status":"publish","type":"post","link":"https:\/\/www.europesays.com\/pt\/14173\/","title":{"rendered":"Gracyanne Barbosa \u00e9 coroada rainha de bateria da Uni\u00e3o da Ilha | O Dia na Folia"},"content":{"rendered":"\n<p>Rio &#8211; Gracyanne Barbosa, de 41 anos,\u00a0foi coroada rainha de bateria da Uni\u00e3o da Ilha\u00a0durante um\u00a0evento na quadra da agremia\u00e7\u00e3o, na Zona Norte, neste s\u00e1bado (2).\u00a0Na ocasi\u00e3o, ela foi ovacionada pelos integrantes da escola da S\u00e9rie Ouro e, claro, deu um show de samba no p\u00e9.\u00a0<\/p>\n<p>Com um look ousado, a influenciadora digital e musa fitness &#8211; que reassume o cargo que ocupou de 2018 a 2020 &#8211;\u00a0exibiu o corp\u00e3o sarado e atraiu olhares.<\/p>\n<p>Momentos antes da coroa\u00e7\u00e3o, Gracy publicou no Instagram.\u00a0&#8220;A Ilha me recebe mais uma vez com amor e eu volto com verdade, entrega e respeito por tudo que essa coroa representa.\u00a0A rainha voltou. E a BaterIlha segue viva em mim&#8221;.\u00a0<\/p>\n<p>No ano que vem, a Uni\u00e3o da Ilha levar\u00e1 \u00e0 Marqu\u00eas de Sapuca\u00ed &#8216;Viva o hoje! O Amanh\u00e3? Fica pra depois&#8217;, desenvolvido por Marcus Ferreira. A escola desfilar\u00e1 no dia 13 de fevereiro.<\/p>\n","protected":false},"excerpt":{"rendered":"Rio &#8211; Gracyanne Barbosa, de 41 anos,\u00a0foi coroada rainha de bateria da Uni\u00e3o da Ilha\u00a0durante um\u00a0evento na quadra&hellip;\n","protected":false},"author":2,"featured_media":14174,"comment_status":"","ping_status":"","sticky":false,"template":"","format":"standard","meta":{"footnotes":""},"categories":[145],"tags":[211,210,5736,114,115,5735,32,33,5737],"class_list":{"0":"post-14173","1":"post","2":"type-post","3":"status-publish","4":"format-standard","5":"has-post-thumbnail","7":"category-celebridades","8":"tag-celebridades","9":"tag-celebrities","10":"tag-coroacao","11":"tag-entertainment","12":"tag-entretenimento","13":"tag-gracyanne-barbosa","14":"tag-portugal","15":"tag-pt","16":"tag-uniao-da-ilha"},"share_on_mastodon":{"url":"","error":""},"_links":{"self":[{"href":"https:\/\/www.europesays.com\/pt\/wp-json\/wp\/v2\/posts\/14173","targetHints":{"allow":["GET"]}}],"collection":[{"href":"https:\/\/www.europesays.com\/pt\/wp-json\/wp\/v2\/posts"}],"about":[{"href":"https:\/\/www.europesays.com\/pt\/wp-json\/wp\/v2\/types\/post"}],"author":[{"embeddable":true,"href":"https:\/\/www.europesays.com\/pt\/wp-json\/wp\/v2\/users\/2"}],"replies":[{"embeddable":true,"href":"https:\/\/www.europesays.com\/pt\/wp-json\/wp\/v2\/comments?post=14173"}],"version-history":[{"count":0,"href":"https:\/\/www.europesays.com\/pt\/wp-json\/wp\/v2\/posts\/14173\/revisions"}],"wp:featuredmedia":[{"embeddable":true,"href":"https:\/\/www.europesays.com\/pt\/wp-json\/wp\/v2\/media\/14174"}],"wp:attachment":[{"href":"https:\/\/www.europesays.com\/pt\/wp-json\/wp\/v2\/media?parent=14173"}],"wp:term":[{"taxonomy":"category","embeddable":true,"href":"https:\/\/www.europesays.com\/pt\/wp-json\/wp\/v2\/categories?post=14173"},{"taxonomy":"post_tag","embeddable":true,"href":"https:\/\/www.europesays.com\/pt\/wp-json\/wp\/v2\/tags?post=14173"}],"curies":[{"name":"wp","href":"https:\/\/api.w.org\/{rel}","templated":true}]}}